{"id":7052,"date":"2024-10-31T11:00:47","date_gmt":"2024-10-31T10:00:47","guid":{"rendered":"https:\/\/www.bisly.com\/?p=7052"},"modified":"2025-01-12T05:51:00","modified_gmt":"2025-01-12T05:51:00","slug":"vorsprung-durch-innovation-bisly-begrust-neuen-chief-commercial-officer-von-schneider","status":"publish","type":"post","link":"https:\/\/www.bisly.com\/de\/blog\/vorsprung-durch-innovation-bisly-begrust-neuen-chief-commercial-officer-von-schneider","title":{"rendered":"Vorsprung durch Innovation: Bisly begr\u00fc\u00dft neuen Chief Commercial Officer von Schneider"},"content":{"rendered":"\n<p>Der Fokus auf die Schaffung eines nachhaltigeren und umweltfreundlicheren Immobilienmarktes<br>hat den Weg f\u00fcr ein schnelles Wachstum von intelligenten Geb\u00e4udeautomationl\u00f6sungen<br>geebnet. Nicht nur in Europa, sondern weltweit. Um mit den Entwicklungen auf dem Markt Schritt<br>zu halten, zu expandieren und unser Produkt kontinuierlich zu verbessern, wollen wir unser Team<br>stetig vergr\u00f6\u00dfern und mehr zukunftsorientierte und innovative Mitarbeitende einstellen.<\/p>\n\n\n\n<p><br>Wir freuen uns deshalb sehr, dass wir letzte Woche unseren neuen Chief Commercial Officer <a href=\"https:\/\/www.linkedin.com\/in\/eric-haitjema-0a55319\/\" target=\"_blank\" rel=\"noreferrer noopener\">Eric<br>Haitjema<\/a> im Team begr\u00fc\u00dfen durften. Eric bringt langj\u00e4hrige Erfahrung in den Bereichen Account<br>Management, Vertrieb und Gesch\u00e4ftsentwicklung mit und ist eine lang erwartete Verst\u00e4rkung f\u00fcr<br>unser Team.<\/p>\n\n\n\n<p><br>Der geb\u00fcrtige Niederl\u00e4nder hat bereits in verschiedenen Teilen der Welt gearbeitet und dabei<br>umfangreiche Erfahrungen in unterschiedlichen Branchen, Funktionen und M\u00e4rkten gesammelt.<br>Er sieht Herausforderungen als Wachstumschancen und scheut sich nicht, Hindernisse direkt<br>anzugehen. Eric wei\u00df, wie man Teams zum Erfolg f\u00fchrt, und glaubt, dass kein Ziel zu gro\u00df ist, um<br>es zu erreichen.<\/p>\n\n\n\n<p><br>Wir haben mit Eric gesprochen, um mehr \u00fcber ihn zu erfahren und herauszufinden, was ihn an der<br>Arbeit bei Bisly am meisten begeistert.<\/p>\n\n\n\n<figure class=\"wp-block-image size-full\"><img loading=\"lazy\" decoding=\"async\" width=\"1920\" height=\"1238\" src=\"https:\/\/www.bisly.com\/wp-content\/uploads\/2024\/10\/Eric-Haitjema-1.jpg\" alt=\"\" class=\"wp-image-7044\" srcset=\"https:\/\/www.bisly.com\/wp-content\/uploads\/2024\/10\/Eric-Haitjema-1.jpg 1920w, https:\/\/www.bisly.com\/wp-content\/uploads\/2024\/10\/Eric-Haitjema-1-1536x990.jpg 1536w\" sizes=\"auto, (max-width: 1920px) 100vw, 1920px\" \/><\/figure>\n\n\n\n<p><strong>1. Bitte erz\u00e4hlen Sie uns kurz etwas \u00fcber sich.<\/strong><\/p>\n\n\n\n<p>Ich habe mein Studium als Elektroingenieur abgeschlossen und seitdem mehrere Unternehmen<br>gegr\u00fcndet und erfolgreich aufgebaut. Au\u00dferdem habe ich Vertriebsteams rekrutiert und geschult,<br>die ich zu erstklassigen Ergebnissen gef\u00fchrt habe. Mit \u00fcber 25 Jahren Erfahrung im Account<br>Management, Vertrieb und Business Development trete ich als selbstbewusste und einf\u00fchlsame<br>F\u00fchrungskraft auf. Ich setze auf Empowerment durch Vertrauen und f\u00f6rdere ein Umfeld, in dem<br>Eigenverantwortung und Verantwortung gelebt werden. Ich hinterfrage den Status quo, um Ziele<br>effizient zu erreichen, und sorge daf\u00fcr, dass Dinge von Anfang an richtig umgesetzt werden.<br>Meine St\u00e4rke liegt in der Kombination von Wettbewerbsorientierung und Menschlichkeit. Dabei<br>baue ich starke, eigenverantwortliche Teams auf, die von einer gemeinsamen Vision angetrieben<br>werden.<\/p>\n\n\n\n<p><strong>2. Wie sehen Sie Ihre Rolle f\u00fcr den zuk\u00fcnftigen Erfolg von Bisly und worauf werden Sie sich haupts\u00e4chlich konzentrieren?<\/strong><\/p>\n\n\n\n<p>Als Chief Commercial Officer von Bisly treibe ich aktiv die Gesch\u00e4ftsstrategie und das Wachstum des Unternehmens voran. Ich konzentriere mich auf den Ausbau der Pr\u00e4senz von Bisly in Deutschland, Gro\u00dfbritannien und Irland, sowie auf die St\u00e4rkung der Beziehungen zu unseren bestehenden Kunden in den baltischen und nordischen L\u00e4ndern. Mit meiner umfangreichen Erfahrung im Aufbau und in der F\u00fchrung von leistungsorientierten Teams arbeite ich eng mit unseren Vertriebs-, Marketing- und Produktabteilungen zusammen, um eine Kultur der Eigenverantwortung und des Verantwortungsbewusstseins zu etablieren. Mein Ziel ist es, daf\u00fcr zu sorgen, dass Bisly weiterhin innovative L\u00f6sungen entwickelt und sich als f\u00fchrendes Unternehmen im Bereich intelligenter Geb\u00e4ude und Automatisierung positioniert. Gleichzeitig strebe ich ein nachhaltiges Wachstum an und setze mich daf\u00fcr ein, Bisly zu einem weltweit vertrauensw\u00fcrdigen Anbieter von erschwinglichen, innovativen und benutzerfreundlichen Automationl\u00f6sungen f\u00fcr die Immobilienbranche zu machen.<\/p>\n\n\n\n<p><strong>3. Was gef\u00e4llt Ihnen an der Arbeit bei Bisly am meisten?<\/strong><\/p>\n\n\n\n<p>Es reizt mich, in einer dynamischen und schnell wachsenden Branche eine f\u00fchrende Rolle zu spielen. Das Engagement von Bisly f\u00fcr Innovationen im Bereich intelligenter Geb\u00e4udetechnologien entspricht genau meiner Leidenschaft, sinnvolle und effektive Ver\u00e4nderungen voranzutreiben. Die Kombination moderner L\u00f6sungen mit einem starken Fokus auf Nachhaltigkeit ist eine spannende Herausforderung, der ich mich gerne stelle. Besonders freue ich mich darauf, mit einem jungen und talentierten Team die Expansion von Bisly voranzutreiben und eine intelligentere und nachhaltigere Zukunft f\u00fcr Geb\u00e4ude zu gestalten. Au\u00dferdem habe ich sehr gute Erinnerungen an die Anf\u00e4nge meiner Karriere in Estland und den baltischen Staaten. Ich mag Tallinn sehr, diese faszinierende mittelalterliche Stadt, in der Bisly seinen Sitz hat.<\/p>\n\n\n\n<p><strong>4. Wie werden Sie den Umsatz von Bisly steigern?<\/strong><\/p>\n\n\n\n<p>Ich werde mich vorrangig auf die Identifizierung neuer Gesch\u00e4ftsm\u00f6glichkeiten konzentrieren. In Estland und seinen Nachbarl\u00e4ndern, aber auch besonders in einigen westeurop\u00e4ischen M\u00e4rkten. Es ist mein Ziel, starke und vertrauensvolle Partnerschaften mit Endnutzern, Systemintegratoren und Technologieanbietern aufzubauen, um sicherzustellen, dass wir auch weiterhin ihren sich entwickelnden Bed\u00fcrfnissen gerecht werden. Des Weiteren werde ich den Fokus darauf legen, unseren Kundenstamm durch die Erschlie\u00dfung neuer M\u00e4rkte und Segmente zu erweitern, in denen die innovativen L\u00f6sungen von Bisly einen wichtigen Beitrag leisten k\u00f6nnen. Ein wesentlicher Bestandteil meiner Strategie ist die F\u00f6rderung einer Teamkultur, die auf Eigenverantwortung basiert und in der Verantwortung und Leistung zu Ergebnissen f\u00fchren. Durch das Empowerment meines Teams und die Delegation von Verantwortung sind wir in der Lage, schnell zu handeln, die sich bietenden Chancen optimal zu nutzen und die Erwartungen unserer Kundschaft kontinuierlich zu \u00fcbertreffen.<\/p>\n\n\n\n<p><strong>5. Was unterscheidet diese Aufgabe von ihren vorherigen Positionen?<\/strong><\/p>\n\n\n\n<p>Bisly bietet eine einzigartige Kombination aus technologischem Fortschritt und nachhaltigem Handeln. Ich unterst\u00fctze das Motto des Unternehmens uneingeschr\u00e4nkt: &#8222;Intelligenter bauen, einfacher verwalten&#8220;. In meinen vorherigen Positionen habe ich mich auf die Skalierung von Unternehmen konzentriert. Bei Bisly steht jedoch eine gr\u00f6\u00dfere Mission im Vordergrund: die Schaffung intelligenterer und nachhaltigerer Umgebungen. Der Fokus auf Nachhaltigkeit verleiht meiner kaufm\u00e4nnischen Arbeit eine wichtige Bedeutung und erm\u00f6glicht es mir, zu einer sowohl gesch\u00e4ftlichen als auch \u00f6kologischen Entwicklung beizutragen. Die Leitung eines Teams in einem Bereich, in dem Innovation und Verantwortung zusammenkommen, stellt eine spannende Herausforderung dar. Das passt zu meinem Wettbewerbsgeist und meinem Fokus auf den Menschen.<\/p>\n\n\n\n<p><strong>6. Wo kann Bisly Ihrer Meinung nach am meisten bewirken?<\/strong><\/p>\n\n\n\n<p>Ich bin \u00fcberzeugt, dass Bisly mit seinen intuitiven Produkten, der flexiblen Skalierbarkeit und der offenen Systemarchitektur einen ma\u00dfgeblichen Einfluss auf die intelligente Geb\u00e4udeautomation haben wird. Die Vereinfachung in allen Aspekten ist anspruchsvoll, f\u00fchrt jedoch zu echter Kosteneffizienz und einer Win-win-Situation f\u00fcr alle Beteiligten. Mit dem zunehmenden globalen Fokus auf Nachhaltigkeit und Energieeffizienz bieten die innovativen L\u00f6sungen von Bisly skalierbare und praktische Antworten auf diese Herausforderungen. Unsere Produkte optimieren Geb\u00e4udemanagementsysteme, reduzieren den Energieverbrauch und verbessern die Gesamtfunktionalit\u00e4t. Damit ist Bisly ein f\u00fchrendes Unternehmen in diesem Bereich. Bisly ist auf dem besten Weg, die Funktionsweise von Geb\u00e4uden zu ver\u00e4ndern und zu einer nachhaltigeren Zukunft beizutragen. Dabei werden sowohl betriebliche Anforderungen als auch langfristige Umweltziele ber\u00fccksichtigt.<\/p>\n\n\n\n<p><strong>7. Welche Wachstumschancen sehen Sie f\u00fcr Bisly in Estland und dar\u00fcber hinaus?<\/strong><\/p>\n\n\n\n<p>Estland hat sich als Standort f\u00fcr Start-ups und innovative Unternehmen bew\u00e4hrt. Der starke Fokus auf Digitalisierung und Innovation schafft ein perfektes Umfeld f\u00fcr Bisly, um als f\u00fchrendes Unternehmen f\u00fcr intelligente Geb\u00e4udetechnologien zu gedeihen. Au\u00dferdem bietet Estland die ideale Plattform, um unsere L\u00f6sungen zu testen und zu skalieren, bevor wir unsere Expansion in Europa fortsetzen. Neben Estland bieten auch die nordischen L\u00e4nder, Gro\u00dfbritannien und Irland, die DACH-Region sowie die Benelux-L\u00e4nder, wo Nachhaltigkeit und Energieeffizienz ebenfalls h\u00f6chste Priorit\u00e4t haben, ein enormes Potenzial. Auch die mittel- und s\u00fcdeurop\u00e4ischen M\u00e4rkte bieten gro\u00dfes Potenzial, da sich die Entwicklung der Infrastruktur beschleunigt und die Nachfrage nach intelligenten, nachhaltigen Geb\u00e4udel\u00f6sungen steigt. Ich freue mich darauf, Bisly dabei zu unterst\u00fctzen, von diesen Trends zu profitieren und seine Pr\u00e4senz in neuen und bestehenden M\u00e4rkten auszubauen.<\/p>\n","protected":false},"excerpt":{"rendered":"<p>Der Fokus auf die Schaffung eines nachhaltigeren und umweltfreundlicheren Immobilienmarkteshat den Weg f\u00fcr ein schnelles Wachstum von intelligenten Geb\u00e4udeautomationl\u00f6sungengeebnet. Nicht nur in Europa, sondern weltweit. Um mit den Entwicklungen auf dem Markt Schrittzu halten, zu expandieren und unser Produkt kontinuierlich zu verbessern, wollen wir unser Teamstetig vergr\u00f6\u00dfern und mehr zukunftsorientierte und innovative Mitarbeitende einstellen. Wir&#8230;  <a class=\"excerpt-read-more\" href=\"https:\/\/www.bisly.com\/de\/blog\/vorsprung-durch-innovation-bisly-begrust-neuen-chief-commercial-officer-von-schneider\" title=\"Read Vorsprung durch Innovation: Bisly begr\u00fc\u00dft neuen Chief Commercial Officer von Schneider\">Read more &raquo;<\/a><\/p>\n","protected":false},"author":13,"featured_media":7778,"comment_status":"closed","ping_status":"closed","sticky":false,"template":"","format":"standard","meta":{"_acf_changed":false,"footnotes":""},"categories":[46],"tags":[],"class_list":["post-7052","post","type-post","status-publish","format-standard","has-post-thumbnail","hentry","category-bisly-team"],"acf":[],"yoast_head":"<!-- This site is optimized with the Yoast SEO Premium plugin v23.5 (Yoast SEO v27.5) - https:\/\/yoast.com\/product\/yoast-seo-premium-wordpress\/ -->\n<title>Eric Haitjema | Chief Commercial Officer<\/title>\n<meta name=\"description\" content=\"Wir freuen uns deshalb sehr, dass wir letzte Woche unseren neuen Chief Commercial Officer EricHaitjema im Team begr\u00fc\u00dfen durften\" \/>\n<meta name=\"robots\" content=\"index, follow, max-snippet:-1, max-image-preview:large, max-video-preview:-1\" \/>\n<link rel=\"canonical\" href=\"https:\/\/www.bisly.com\/de\/blog\/vorsprung-durch-innovation-bisly-begrust-neuen-chief-commercial-officer-von-schneider\" \/>\n<meta property=\"og:locale\" content=\"de_DE\" \/>\n<meta property=\"og:type\" content=\"article\" \/>\n<meta property=\"og:title\" content=\"Vorsprung durch Innovation: Bisly begr\u00fc\u00dft neuen Chief Commercial Officer von Schneider\" \/>\n<meta property=\"og:description\" content=\"Wir freuen uns deshalb sehr, dass wir letzte Woche unseren neuen Chief Commercial Officer EricHaitjema im Team begr\u00fc\u00dfen durften\" \/>\n<meta property=\"og:url\" content=\"https:\/\/www.bisly.com\/de\/blog\/vorsprung-durch-innovation-bisly-begrust-neuen-chief-commercial-officer-von-schneider\" \/>\n<meta property=\"og:site_name\" content=\"Bisly\" \/>\n<meta property=\"article:publisher\" content=\"https:\/\/www.facebook.com\/bisly.tech\/\" \/>\n<meta property=\"article:published_time\" content=\"2024-10-31T10:00:47+00:00\" \/>\n<meta property=\"article:modified_time\" content=\"2025-01-12T05:51:00+00:00\" \/>\n<meta property=\"og:image\" content=\"https:\/\/www.bisly.com\/wp-content\/uploads\/2024\/10\/IMG_7073.jpg\" \/>\n\t<meta property=\"og:image:width\" content=\"1920\" \/>\n\t<meta property=\"og:image:height\" content=\"1080\" \/>\n\t<meta property=\"og:image:type\" content=\"image\/jpeg\" \/>\n<meta name=\"author\" content=\"Merilin\" \/>\n<meta name=\"twitter:card\" content=\"summary_large_image\" \/>\n<meta name=\"twitter:label1\" content=\"Verfasst von\" \/>\n\t<meta name=\"twitter:data1\" content=\"Merilin\" \/>\n\t<meta name=\"twitter:label2\" content=\"Gesch\u00e4tzte Lesezeit\" \/>\n\t<meta name=\"twitter:data2\" content=\"6\u00a0Minuten\" \/>\n<script type=\"application\/ld+json\" class=\"yoast-schema-graph\">{\"@context\":\"https:\\\/\\\/schema.org\",\"@graph\":[{\"@type\":\"Article\",\"@id\":\"https:\\\/\\\/www.bisly.com\\\/de\\\/blog\\\/vorsprung-durch-innovation-bisly-begrust-neuen-chief-commercial-officer-von-schneider#article\",\"isPartOf\":{\"@id\":\"https:\\\/\\\/www.bisly.com\\\/de\\\/blog\\\/vorsprung-durch-innovation-bisly-begrust-neuen-chief-commercial-officer-von-schneider\"},\"author\":{\"name\":\"Merilin\",\"@id\":\"https:\\\/\\\/www.bisly.com\\\/de#\\\/schema\\\/person\\\/1042d3440d161f43da004c5e84b531c0\"},\"headline\":\"Vorsprung durch Innovation: Bisly begr\u00fc\u00dft neuen Chief Commercial Officer von Schneider\",\"datePublished\":\"2024-10-31T10:00:47+00:00\",\"dateModified\":\"2025-01-12T05:51:00+00:00\",\"mainEntityOfPage\":{\"@id\":\"https:\\\/\\\/www.bisly.com\\\/de\\\/blog\\\/vorsprung-durch-innovation-bisly-begrust-neuen-chief-commercial-officer-von-schneider\"},\"wordCount\":1177,\"publisher\":{\"@id\":\"https:\\\/\\\/www.bisly.com\\\/de#organization\"},\"image\":{\"@id\":\"https:\\\/\\\/www.bisly.com\\\/de\\\/blog\\\/vorsprung-durch-innovation-bisly-begrust-neuen-chief-commercial-officer-von-schneider#primaryimage\"},\"thumbnailUrl\":\"https:\\\/\\\/www.bisly.com\\\/wp-content\\\/uploads\\\/2024\\\/10\\\/Bisly-people-photos-with-bg-scaled.jpg\",\"articleSection\":[\"Bisly-Team\"],\"inLanguage\":\"de\"},{\"@type\":\"WebPage\",\"@id\":\"https:\\\/\\\/www.bisly.com\\\/de\\\/blog\\\/vorsprung-durch-innovation-bisly-begrust-neuen-chief-commercial-officer-von-schneider\",\"url\":\"https:\\\/\\\/www.bisly.com\\\/de\\\/blog\\\/vorsprung-durch-innovation-bisly-begrust-neuen-chief-commercial-officer-von-schneider\",\"name\":\"Eric Haitjema | Chief Commercial Officer\",\"isPartOf\":{\"@id\":\"https:\\\/\\\/www.bisly.com\\\/de#website\"},\"primaryImageOfPage\":{\"@id\":\"https:\\\/\\\/www.bisly.com\\\/de\\\/blog\\\/vorsprung-durch-innovation-bisly-begrust-neuen-chief-commercial-officer-von-schneider#primaryimage\"},\"image\":{\"@id\":\"https:\\\/\\\/www.bisly.com\\\/de\\\/blog\\\/vorsprung-durch-innovation-bisly-begrust-neuen-chief-commercial-officer-von-schneider#primaryimage\"},\"thumbnailUrl\":\"https:\\\/\\\/www.bisly.com\\\/wp-content\\\/uploads\\\/2024\\\/10\\\/Bisly-people-photos-with-bg-scaled.jpg\",\"datePublished\":\"2024-10-31T10:00:47+00:00\",\"dateModified\":\"2025-01-12T05:51:00+00:00\",\"description\":\"Wir freuen uns deshalb sehr, dass wir letzte Woche unseren neuen Chief Commercial Officer EricHaitjema im Team begr\u00fc\u00dfen durften\",\"breadcrumb\":{\"@id\":\"https:\\\/\\\/www.bisly.com\\\/de\\\/blog\\\/vorsprung-durch-innovation-bisly-begrust-neuen-chief-commercial-officer-von-schneider#breadcrumb\"},\"inLanguage\":\"de\",\"potentialAction\":[{\"@type\":\"ReadAction\",\"target\":[\"https:\\\/\\\/www.bisly.com\\\/de\\\/blog\\\/vorsprung-durch-innovation-bisly-begrust-neuen-chief-commercial-officer-von-schneider\"]}]},{\"@type\":\"ImageObject\",\"inLanguage\":\"de\",\"@id\":\"https:\\\/\\\/www.bisly.com\\\/de\\\/blog\\\/vorsprung-durch-innovation-bisly-begrust-neuen-chief-commercial-officer-von-schneider#primaryimage\",\"url\":\"https:\\\/\\\/www.bisly.com\\\/wp-content\\\/uploads\\\/2024\\\/10\\\/Bisly-people-photos-with-bg-scaled.jpg\",\"contentUrl\":\"https:\\\/\\\/www.bisly.com\\\/wp-content\\\/uploads\\\/2024\\\/10\\\/Bisly-people-photos-with-bg-scaled.jpg\",\"width\":2560,\"height\":1707,\"caption\":\"Eric Haitjema from Schneider Electric\"},{\"@type\":\"BreadcrumbList\",\"@id\":\"https:\\\/\\\/www.bisly.com\\\/de\\\/blog\\\/vorsprung-durch-innovation-bisly-begrust-neuen-chief-commercial-officer-von-schneider#breadcrumb\",\"itemListElement\":[{\"@type\":\"ListItem\",\"position\":1,\"name\":\"Home\",\"item\":\"https:\\\/\\\/www.bisly.com\\\/de\"},{\"@type\":\"ListItem\",\"position\":2,\"name\":\"Vorsprung durch Innovation: Bisly begr\u00fc\u00dft neuen Chief Commercial Officer von Schneider\"}]},{\"@type\":\"WebSite\",\"@id\":\"https:\\\/\\\/www.bisly.com\\\/de#website\",\"url\":\"https:\\\/\\\/www.bisly.com\\\/de\",\"name\":\"Bisly\",\"description\":\"\",\"publisher\":{\"@id\":\"https:\\\/\\\/www.bisly.com\\\/de#organization\"},\"potentialAction\":[{\"@type\":\"SearchAction\",\"target\":{\"@type\":\"EntryPoint\",\"urlTemplate\":\"https:\\\/\\\/www.bisly.com\\\/de?s={search_term_string}\"},\"query-input\":{\"@type\":\"PropertyValueSpecification\",\"valueRequired\":true,\"valueName\":\"search_term_string\"}}],\"inLanguage\":\"de\"},{\"@type\":\"Organization\",\"@id\":\"https:\\\/\\\/www.bisly.com\\\/de#organization\",\"name\":\"Bisly\",\"url\":\"https:\\\/\\\/www.bisly.com\\\/de\",\"logo\":{\"@type\":\"ImageObject\",\"inLanguage\":\"de\",\"@id\":\"https:\\\/\\\/www.bisly.com\\\/de#\\\/schema\\\/logo\\\/image\\\/\",\"url\":\"https:\\\/\\\/www.bisly.com\\\/wp-content\\\/uploads\\\/2024\\\/09\\\/bisly-logo.svg\",\"contentUrl\":\"https:\\\/\\\/www.bisly.com\\\/wp-content\\\/uploads\\\/2024\\\/09\\\/bisly-logo.svg\",\"width\":120,\"height\":41,\"caption\":\"Bisly\"},\"image\":{\"@id\":\"https:\\\/\\\/www.bisly.com\\\/de#\\\/schema\\\/logo\\\/image\\\/\"},\"sameAs\":[\"https:\\\/\\\/www.facebook.com\\\/bisly.tech\\\/\",\"https:\\\/\\\/ee.linkedin.com\\\/company\\\/bislytech\"]},{\"@type\":\"Person\",\"@id\":\"https:\\\/\\\/www.bisly.com\\\/de#\\\/schema\\\/person\\\/1042d3440d161f43da004c5e84b531c0\",\"name\":\"Merilin\",\"image\":{\"@type\":\"ImageObject\",\"inLanguage\":\"de\",\"@id\":\"https:\\\/\\\/secure.gravatar.com\\\/avatar\\\/4d2befb103a9bb45630016e5387f84e97603a7eb8219694befcf90719be74638?s=96&d=mm&r=g\",\"url\":\"https:\\\/\\\/secure.gravatar.com\\\/avatar\\\/4d2befb103a9bb45630016e5387f84e97603a7eb8219694befcf90719be74638?s=96&d=mm&r=g\",\"contentUrl\":\"https:\\\/\\\/secure.gravatar.com\\\/avatar\\\/4d2befb103a9bb45630016e5387f84e97603a7eb8219694befcf90719be74638?s=96&d=mm&r=g\",\"caption\":\"Merilin\"}}]}<\/script>\n<!-- \/ Yoast SEO Premium plugin. -->","yoast_head_json":{"title":"Eric Haitjema | Chief Commercial Officer","description":"Wir freuen uns deshalb sehr, dass wir letzte Woche unseren neuen Chief Commercial Officer EricHaitjema im Team begr\u00fc\u00dfen durften","robots":{"index":"index","follow":"follow","max-snippet":"max-snippet:-1","max-image-preview":"max-image-preview:large","max-video-preview":"max-video-preview:-1"},"canonical":"https:\/\/www.bisly.com\/de\/blog\/vorsprung-durch-innovation-bisly-begrust-neuen-chief-commercial-officer-von-schneider","og_locale":"de_DE","og_type":"article","og_title":"Vorsprung durch Innovation: Bisly begr\u00fc\u00dft neuen Chief Commercial Officer von Schneider","og_description":"Wir freuen uns deshalb sehr, dass wir letzte Woche unseren neuen Chief Commercial Officer EricHaitjema im Team begr\u00fc\u00dfen durften","og_url":"https:\/\/www.bisly.com\/de\/blog\/vorsprung-durch-innovation-bisly-begrust-neuen-chief-commercial-officer-von-schneider","og_site_name":"Bisly","article_publisher":"https:\/\/www.facebook.com\/bisly.tech\/","article_published_time":"2024-10-31T10:00:47+00:00","article_modified_time":"2025-01-12T05:51:00+00:00","og_image":[{"width":1920,"height":1080,"url":"https:\/\/www.bisly.com\/wp-content\/uploads\/2024\/10\/IMG_7073.jpg","type":"image\/jpeg"}],"author":"Merilin","twitter_card":"summary_large_image","twitter_misc":{"Verfasst von":"Merilin","Gesch\u00e4tzte Lesezeit":"6\u00a0Minuten"},"schema":{"@context":"https:\/\/schema.org","@graph":[{"@type":"Article","@id":"https:\/\/www.bisly.com\/de\/blog\/vorsprung-durch-innovation-bisly-begrust-neuen-chief-commercial-officer-von-schneider#article","isPartOf":{"@id":"https:\/\/www.bisly.com\/de\/blog\/vorsprung-durch-innovation-bisly-begrust-neuen-chief-commercial-officer-von-schneider"},"author":{"name":"Merilin","@id":"https:\/\/www.bisly.com\/de#\/schema\/person\/1042d3440d161f43da004c5e84b531c0"},"headline":"Vorsprung durch Innovation: Bisly begr\u00fc\u00dft neuen Chief Commercial Officer von Schneider","datePublished":"2024-10-31T10:00:47+00:00","dateModified":"2025-01-12T05:51:00+00:00","mainEntityOfPage":{"@id":"https:\/\/www.bisly.com\/de\/blog\/vorsprung-durch-innovation-bisly-begrust-neuen-chief-commercial-officer-von-schneider"},"wordCount":1177,"publisher":{"@id":"https:\/\/www.bisly.com\/de#organization"},"image":{"@id":"https:\/\/www.bisly.com\/de\/blog\/vorsprung-durch-innovation-bisly-begrust-neuen-chief-commercial-officer-von-schneider#primaryimage"},"thumbnailUrl":"https:\/\/www.bisly.com\/wp-content\/uploads\/2024\/10\/Bisly-people-photos-with-bg-scaled.jpg","articleSection":["Bisly-Team"],"inLanguage":"de"},{"@type":"WebPage","@id":"https:\/\/www.bisly.com\/de\/blog\/vorsprung-durch-innovation-bisly-begrust-neuen-chief-commercial-officer-von-schneider","url":"https:\/\/www.bisly.com\/de\/blog\/vorsprung-durch-innovation-bisly-begrust-neuen-chief-commercial-officer-von-schneider","name":"Eric Haitjema | Chief Commercial Officer","isPartOf":{"@id":"https:\/\/www.bisly.com\/de#website"},"primaryImageOfPage":{"@id":"https:\/\/www.bisly.com\/de\/blog\/vorsprung-durch-innovation-bisly-begrust-neuen-chief-commercial-officer-von-schneider#primaryimage"},"image":{"@id":"https:\/\/www.bisly.com\/de\/blog\/vorsprung-durch-innovation-bisly-begrust-neuen-chief-commercial-officer-von-schneider#primaryimage"},"thumbnailUrl":"https:\/\/www.bisly.com\/wp-content\/uploads\/2024\/10\/Bisly-people-photos-with-bg-scaled.jpg","datePublished":"2024-10-31T10:00:47+00:00","dateModified":"2025-01-12T05:51:00+00:00","description":"Wir freuen uns deshalb sehr, dass wir letzte Woche unseren neuen Chief Commercial Officer EricHaitjema im Team begr\u00fc\u00dfen durften","breadcrumb":{"@id":"https:\/\/www.bisly.com\/de\/blog\/vorsprung-durch-innovation-bisly-begrust-neuen-chief-commercial-officer-von-schneider#breadcrumb"},"inLanguage":"de","potentialAction":[{"@type":"ReadAction","target":["https:\/\/www.bisly.com\/de\/blog\/vorsprung-durch-innovation-bisly-begrust-neuen-chief-commercial-officer-von-schneider"]}]},{"@type":"ImageObject","inLanguage":"de","@id":"https:\/\/www.bisly.com\/de\/blog\/vorsprung-durch-innovation-bisly-begrust-neuen-chief-commercial-officer-von-schneider#primaryimage","url":"https:\/\/www.bisly.com\/wp-content\/uploads\/2024\/10\/Bisly-people-photos-with-bg-scaled.jpg","contentUrl":"https:\/\/www.bisly.com\/wp-content\/uploads\/2024\/10\/Bisly-people-photos-with-bg-scaled.jpg","width":2560,"height":1707,"caption":"Eric Haitjema from Schneider Electric"},{"@type":"BreadcrumbList","@id":"https:\/\/www.bisly.com\/de\/blog\/vorsprung-durch-innovation-bisly-begrust-neuen-chief-commercial-officer-von-schneider#breadcrumb","itemListElement":[{"@type":"ListItem","position":1,"name":"Home","item":"https:\/\/www.bisly.com\/de"},{"@type":"ListItem","position":2,"name":"Vorsprung durch Innovation: Bisly begr\u00fc\u00dft neuen Chief Commercial Officer von Schneider"}]},{"@type":"WebSite","@id":"https:\/\/www.bisly.com\/de#website","url":"https:\/\/www.bisly.com\/de","name":"Bisly","description":"","publisher":{"@id":"https:\/\/www.bisly.com\/de#organization"},"potentialAction":[{"@type":"SearchAction","target":{"@type":"EntryPoint","urlTemplate":"https:\/\/www.bisly.com\/de?s={search_term_string}"},"query-input":{"@type":"PropertyValueSpecification","valueRequired":true,"valueName":"search_term_string"}}],"inLanguage":"de"},{"@type":"Organization","@id":"https:\/\/www.bisly.com\/de#organization","name":"Bisly","url":"https:\/\/www.bisly.com\/de","logo":{"@type":"ImageObject","inLanguage":"de","@id":"https:\/\/www.bisly.com\/de#\/schema\/logo\/image\/","url":"https:\/\/www.bisly.com\/wp-content\/uploads\/2024\/09\/bisly-logo.svg","contentUrl":"https:\/\/www.bisly.com\/wp-content\/uploads\/2024\/09\/bisly-logo.svg","width":120,"height":41,"caption":"Bisly"},"image":{"@id":"https:\/\/www.bisly.com\/de#\/schema\/logo\/image\/"},"sameAs":["https:\/\/www.facebook.com\/bisly.tech\/","https:\/\/ee.linkedin.com\/company\/bislytech"]},{"@type":"Person","@id":"https:\/\/www.bisly.com\/de#\/schema\/person\/1042d3440d161f43da004c5e84b531c0","name":"Merilin","image":{"@type":"ImageObject","inLanguage":"de","@id":"https:\/\/secure.gravatar.com\/avatar\/4d2befb103a9bb45630016e5387f84e97603a7eb8219694befcf90719be74638?s=96&d=mm&r=g","url":"https:\/\/secure.gravatar.com\/avatar\/4d2befb103a9bb45630016e5387f84e97603a7eb8219694befcf90719be74638?s=96&d=mm&r=g","contentUrl":"https:\/\/secure.gravatar.com\/avatar\/4d2befb103a9bb45630016e5387f84e97603a7eb8219694befcf90719be74638?s=96&d=mm&r=g","caption":"Merilin"}}]}},"_links":{"self":[{"href":"https:\/\/www.bisly.com\/de\/wp-json\/wp\/v2\/posts\/7052","targetHints":{"allow":["GET"]}}],"collection":[{"href":"https:\/\/www.bisly.com\/de\/wp-json\/wp\/v2\/posts"}],"about":[{"href":"https:\/\/www.bisly.com\/de\/wp-json\/wp\/v2\/types\/post"}],"author":[{"embeddable":true,"href":"https:\/\/www.bisly.com\/de\/wp-json\/wp\/v2\/users\/13"}],"replies":[{"embeddable":true,"href":"https:\/\/www.bisly.com\/de\/wp-json\/wp\/v2\/comments?post=7052"}],"version-history":[{"count":7,"href":"https:\/\/www.bisly.com\/de\/wp-json\/wp\/v2\/posts\/7052\/revisions"}],"predecessor-version":[{"id":7445,"href":"https:\/\/www.bisly.com\/de\/wp-json\/wp\/v2\/posts\/7052\/revisions\/7445"}],"wp:featuredmedia":[{"embeddable":true,"href":"https:\/\/www.bisly.com\/de\/wp-json\/wp\/v2\/media\/7778"}],"wp:attachment":[{"href":"https:\/\/www.bisly.com\/de\/wp-json\/wp\/v2\/media?parent=7052"}],"wp:term":[{"taxonomy":"category","embeddable":true,"href":"https:\/\/www.bisly.com\/de\/wp-json\/wp\/v2\/categories?post=7052"},{"taxonomy":"post_tag","embeddable":true,"href":"https:\/\/www.bisly.com\/de\/wp-json\/wp\/v2\/tags?post=7052"}],"curies":[{"name":"wp","href":"https:\/\/api.w.org\/{rel}","templated":true}]}}