{"id":7133,"date":"2024-09-26T03:31:11","date_gmt":"2024-09-26T03:31:11","guid":{"rendered":"https:\/\/www.bisly.com\/?p=7133"},"modified":"2025-06-11T14:11:19","modified_gmt":"2025-06-11T14:11:19","slug":"bisly-gewinnt-renommierten-prop-tech-preis-in-europa","status":"publish","type":"post","link":"https:\/\/www.bisly.com\/de\/blog\/bisly-gewinnt-renommierten-prop-tech-preis-in-europa","title":{"rendered":"Bisly gewinnt renommierten Prop-Tech-Preis in Europa"},"content":{"rendered":"\n<p>Vor etwa einem Monat haben wir stolz bekanntgeben d\u00fcrfen, dass wir mit unserer innovativen Technologie f\u00fcr intelligente Geb\u00e4udeautomation f\u00fcr den renommierten Proptech Germany Award 2024 nominiert worden sind. Jetzt freuen wir uns, dass Bisly den begehrten Preis gewonnen hat. Der Preis wurde Anfang September auf der Real Proptech Conference in Frankfurt verliehen.<\/p>\n\n\n\n<h2 class=\"wp-block-heading\" id=\"h-der-weg-zum-erfolg\">Der Weg zum Erfolg<\/h2>\n\n\n\n<p>Der vom Bundesministerium f\u00fcr Wirtschaft und Klimaschutz gef\u00f6rderte PropTech Germany Award bringt Impulsgeber und f\u00fchrende Unternehmen der Immobilienbranche zusammen und gibt europ\u00e4ischen Unternehmen die M\u00f6glichkeit, ihre L\u00f6sungen zu pr\u00e4sentieren. Bei der vierten Auflage des renommierten Wettbewerbs haben sich in der ersten Runde im Juli \u00fcber 160 Teilnehmer mit ihren Ideen beworben. Von diesen wurden 33 ausgew\u00e4hlt, um ihre innovativen L\u00f6sungen einer 26-k\u00f6pfigen Expertenjury zu pr\u00e4sentieren. Am Ende setzte sich die smarte Geb\u00e4udetechnologie von Bisly durch und wurde mit dem renommierten Proptech Germany Award 2024 ausgezeichnet.<\/p>\n\n\n\n<p>Der Proptech Germany Award ist in vielerlei Hinsicht der ultimative Test f\u00fcr jedes europ\u00e4ische Technologieunternehmen. Eine gute Idee oder ein \u00fcberzeugender Pitch allein reichen nicht aus. Um sich gegen die Konkurrenz durchzusetzen und den Titel zu gewinnen, m\u00fcssen die Teilnehmenden nicht nur eine wirklich innovative und au\u00dfergew\u00f6hnliche L\u00f6sung pr\u00e4sentieren, sondern auch schl\u00fcssige Argumente liefern, warum ihre Idee den begehrten Preis verdient. Vor diesem Hintergrund sind wir sehr stolz darauf, die wachsende Zahl der Auszeichnungen von Bisly um diesen prestigetr\u00e4chtigen Titel erweitern zu k\u00f6nnen.<\/p>\n\n\n\n<div class=\"wp-block-columns is-layout-flex wp-container-core-columns-is-layout-9d6595d7 wp-block-columns-is-layout-flex\">\n<div class=\"wp-block-column is-layout-flow wp-block-column-is-layout-flow\">\n<h2 class=\"wp-block-heading\" id=\"h-wie-bisly-uberzeugt-hat\">Wie Bisly \u00fcberzeugt hat<\/h2>\n\n\n\n<p>Ein Schwerpunkt der technologischen Innovationen der letzten Jahrzehnte ist die Nachhaltigkeit. Mit Blick auf den Klimawandel ist Energieeffizienz der entscheidende Faktor. Jede neue L\u00f6sung sollte darauf abzielen, die Energieeffizienz zu verbessern.<\/p>\n\n\n\n<p>Bisly stach bei der Auswahl des Gewinners des Proptech Germany Award 2024 von Anfang an heraus. Denn die Technologie ist speziell darauf ausgelegt, die Energiekosten in der Immobilienbranche zu senken. W\u00e4hrend auf dem Markt f\u00fcr intelligente Geb\u00e4ude viele sogenannte Legacy-L\u00f6sungen existieren, bietet Bisly eine patentierte Hard- und Softwareplattform, die maximale Energieeinsparungen erm\u00f6glicht. Ohne \u00fcberh\u00f6hte Kosten oder unzuverl\u00e4ssige Qualit\u00e4t. Ziel des <a href=\"https:\/\/www.immobilienmanager.de\/proptech-germany-award-2024-die-sieger-stehen-fest-09092024\" target=\"_blank\" rel=\"noreferrer noopener\">Proptech Germany Award<\/a> ist es, innovative Ideen zu finden, die die Qualit\u00e4t der L\u00f6sungen verbessern und gleichzeitig die Preise senken, um sie f\u00fcr den Massenmarkt zug\u00e4nglich zu machen.<\/p>\n<\/div>\n\n\n\n<div class=\"wp-block-column is-vertically-aligned-center is-layout-flow wp-block-column-is-layout-flow\">\n<figure class=\"wp-block-image size-full\"><img loading=\"lazy\" decoding=\"async\" width=\"1920\" height=\"2560\" src=\"https:\/\/www.bisly.com\/wp-content\/uploads\/2024\/09\/IMG_0446-scaled.jpg\" alt=\"proptech germany award 2024\" class=\"wp-image-6718\" srcset=\"https:\/\/www.bisly.com\/wp-content\/uploads\/2024\/09\/IMG_0446-scaled.jpg 1920w, https:\/\/www.bisly.com\/wp-content\/uploads\/2024\/09\/IMG_0446-1152x1536.jpg 1152w, https:\/\/www.bisly.com\/wp-content\/uploads\/2024\/09\/IMG_0446-1536x2048.jpg 1536w\" sizes=\"auto, (max-width: 1920px) 100vw, 1920px\" \/><\/figure>\n<\/div>\n<\/div>\n\n\n\n<p>Der Grund, warum Bisly sich von der Konkurrenz abhebt, ist einfach: W\u00e4hrend es bereits bestehende L\u00f6sungen gibt, bietet <a href=\"https:\/\/www.bisly.com\/de\">Bisly <\/a>etwas v\u00f6llig Neues. Etwas, das der Immobilienbranche sowohl Mehrwert als auch mehr Nachhaltigkeit bringt. \u00c4hnlich wie Uber und Bolt, die es geschafft haben, die Taxiwelt v\u00f6llig neu zu definieren, obwohl das alte System seit Jahrzehnten unver\u00e4ndert geblieben ist.<\/p>\n\n\n\n<h2 class=\"wp-block-heading\" id=\"h-ausblick\">Ausblick<\/h2>\n\n\n\n<p>Mit einem gro\u00dfen Marktanteil in Estland und einer Niederlassung in Gro\u00dfbritannien unterstreicht der Gewinn dieses renommierten Preises, dass die innovative L\u00f6sung von Bisly weit \u00fcber die Landesgrenzen hinaus Anerkennung findet und das Potenzial hat, f\u00fcr ganz Europa attraktiv zu sein. Bisly hat sich bereits auf dem deutschen Markt etabliert und mehrere Projekte gestartet. Daher hat das Unternehmen am Wettbewerb um den Proptech Germany Award 2024 teilgenommen. Als bekannte Marke in Estland ist Bisly stolz darauf, diesen prestigetr\u00e4chtigen Preis in Deutschland gewonnen zu haben.<\/p>\n\n\n\n<p>Der Gewinn dieses Titels ist sicherlich ein Zeichen f\u00fcr das Potenzial und das Engagement von Bisly bei der Einf\u00fchrung seiner intelligenten Geb\u00e4udel\u00f6sungen auf gr\u00f6\u00dferen M\u00e4rkten und verschafft den estnischen Ingenieuren die verdiente Anerkennung.<\/p>\n","protected":false},"excerpt":{"rendered":"<p>Vor etwa einem Monat haben wir stolz bekanntgeben d\u00fcrfen, dass wir mit unserer innovativen Technologie f\u00fcr intelligente Geb\u00e4udeautomation f\u00fcr den renommierten Proptech Germany Award 2024 nominiert worden sind. Jetzt freuen wir uns, dass Bisly den begehrten Preis gewonnen hat. Der Preis wurde Anfang September auf der Real Proptech Conference in Frankfurt verliehen. Der Weg zum&#8230;  <a class=\"excerpt-read-more\" href=\"https:\/\/www.bisly.com\/de\/blog\/bisly-gewinnt-renommierten-prop-tech-preis-in-europa\" title=\"Read Bisly gewinnt renommierten Prop-Tech-Preis in Europa\">Read more &raquo;<\/a><\/p>\n","protected":false},"author":13,"featured_media":6721,"comment_status":"closed","ping_status":"closed","sticky":false,"template":"","format":"standard","meta":{"_acf_changed":false,"footnotes":""},"categories":[53,82],"tags":[],"class_list":["post-7133","post","type-post","status-publish","format-standard","has-post-thumbnail","hentry","category-auszeichnungen","category-unternehmensnachrichten"],"acf":[],"yoast_head":"<!-- This site is optimized with the Yoast SEO Premium plugin v23.5 (Yoast SEO v27.5) - https:\/\/yoast.com\/product\/yoast-seo-premium-wordpress\/ -->\n<title>Bisly gewinnt renommierten Prop-Tech-Preis in Europa - Bisly<\/title>\n<meta name=\"description\" content=\"Der vom Bundesministerium f\u00fcr Wirtschaft und Klimaschutz gef\u00f6rderte PropTech Germany Award bringt Impulsgeber und f\u00fchrende\" \/>\n<meta name=\"robots\" content=\"index, follow, max-snippet:-1, max-image-preview:large, max-video-preview:-1\" \/>\n<link rel=\"canonical\" href=\"https:\/\/www.bisly.com\/de\/blog\/bisly-gewinnt-renommierten-prop-tech-preis-in-europa\" \/>\n<meta property=\"og:locale\" content=\"de_DE\" \/>\n<meta property=\"og:type\" content=\"article\" \/>\n<meta property=\"og:title\" content=\"Bisly gewinnt renommierten Prop-Tech-Preis in Europa\" \/>\n<meta property=\"og:description\" content=\"Der vom Bundesministerium f\u00fcr Wirtschaft und Klimaschutz gef\u00f6rderte PropTech Germany Award bringt Impulsgeber und f\u00fchrende\" \/>\n<meta property=\"og:url\" content=\"https:\/\/www.bisly.com\/de\/blog\/bisly-gewinnt-renommierten-prop-tech-preis-in-europa\" \/>\n<meta property=\"og:site_name\" content=\"Bisly\" \/>\n<meta property=\"article:publisher\" content=\"https:\/\/www.facebook.com\/bisly.tech\/\" \/>\n<meta property=\"article:published_time\" content=\"2024-09-26T03:31:11+00:00\" \/>\n<meta property=\"article:modified_time\" content=\"2025-06-11T14:11:19+00:00\" \/>\n<meta property=\"og:image\" content=\"https:\/\/www.bisly.com\/wp-content\/uploads\/2024\/09\/vcsPRAsset_3698610_464253_49ed473d-f4ed-4d27-8a95-ba12625f4fa5_0.jpg\" \/>\n\t<meta property=\"og:image:width\" content=\"1000\" \/>\n\t<meta property=\"og:image:height\" content=\"563\" \/>\n\t<meta property=\"og:image:type\" content=\"image\/jpeg\" \/>\n<meta name=\"author\" content=\"Merilin\" \/>\n<meta name=\"twitter:card\" content=\"summary_large_image\" \/>\n<meta name=\"twitter:label1\" content=\"Verfasst von\" \/>\n\t<meta name=\"twitter:data1\" content=\"Merilin\" \/>\n\t<meta name=\"twitter:label2\" content=\"Gesch\u00e4tzte Lesezeit\" \/>\n\t<meta name=\"twitter:data2\" content=\"3\u00a0Minuten\" \/>\n<script type=\"application\/ld+json\" class=\"yoast-schema-graph\">{\"@context\":\"https:\\\/\\\/schema.org\",\"@graph\":[{\"@type\":\"Article\",\"@id\":\"https:\\\/\\\/www.bisly.com\\\/de\\\/blog\\\/bisly-gewinnt-renommierten-prop-tech-preis-in-europa#article\",\"isPartOf\":{\"@id\":\"https:\\\/\\\/www.bisly.com\\\/de\\\/blog\\\/bisly-gewinnt-renommierten-prop-tech-preis-in-europa\"},\"author\":{\"name\":\"Merilin\",\"@id\":\"https:\\\/\\\/www.bisly.com\\\/de#\\\/schema\\\/person\\\/1042d3440d161f43da004c5e84b531c0\"},\"headline\":\"Bisly gewinnt renommierten Prop-Tech-Preis in Europa\",\"datePublished\":\"2024-09-26T03:31:11+00:00\",\"dateModified\":\"2025-06-11T14:11:19+00:00\",\"mainEntityOfPage\":{\"@id\":\"https:\\\/\\\/www.bisly.com\\\/de\\\/blog\\\/bisly-gewinnt-renommierten-prop-tech-preis-in-europa\"},\"wordCount\":576,\"publisher\":{\"@id\":\"https:\\\/\\\/www.bisly.com\\\/de#organization\"},\"image\":{\"@id\":\"https:\\\/\\\/www.bisly.com\\\/de\\\/blog\\\/bisly-gewinnt-renommierten-prop-tech-preis-in-europa#primaryimage\"},\"thumbnailUrl\":\"https:\\\/\\\/www.bisly.com\\\/wp-content\\\/uploads\\\/2024\\\/09\\\/vcsPRAsset_3698610_464253_49ed473d-f4ed-4d27-8a95-ba12625f4fa5_0.jpg\",\"articleSection\":[\"Auszeichnungen\",\"Unternehmensnachrichten\"],\"inLanguage\":\"de\"},{\"@type\":\"WebPage\",\"@id\":\"https:\\\/\\\/www.bisly.com\\\/de\\\/blog\\\/bisly-gewinnt-renommierten-prop-tech-preis-in-europa\",\"url\":\"https:\\\/\\\/www.bisly.com\\\/de\\\/blog\\\/bisly-gewinnt-renommierten-prop-tech-preis-in-europa\",\"name\":\"Bisly gewinnt renommierten Prop-Tech-Preis in Europa - Bisly\",\"isPartOf\":{\"@id\":\"https:\\\/\\\/www.bisly.com\\\/de#website\"},\"primaryImageOfPage\":{\"@id\":\"https:\\\/\\\/www.bisly.com\\\/de\\\/blog\\\/bisly-gewinnt-renommierten-prop-tech-preis-in-europa#primaryimage\"},\"image\":{\"@id\":\"https:\\\/\\\/www.bisly.com\\\/de\\\/blog\\\/bisly-gewinnt-renommierten-prop-tech-preis-in-europa#primaryimage\"},\"thumbnailUrl\":\"https:\\\/\\\/www.bisly.com\\\/wp-content\\\/uploads\\\/2024\\\/09\\\/vcsPRAsset_3698610_464253_49ed473d-f4ed-4d27-8a95-ba12625f4fa5_0.jpg\",\"datePublished\":\"2024-09-26T03:31:11+00:00\",\"dateModified\":\"2025-06-11T14:11:19+00:00\",\"description\":\"Der vom Bundesministerium f\u00fcr Wirtschaft und Klimaschutz gef\u00f6rderte PropTech Germany Award bringt Impulsgeber und f\u00fchrende\",\"breadcrumb\":{\"@id\":\"https:\\\/\\\/www.bisly.com\\\/de\\\/blog\\\/bisly-gewinnt-renommierten-prop-tech-preis-in-europa#breadcrumb\"},\"inLanguage\":\"de\",\"potentialAction\":[{\"@type\":\"ReadAction\",\"target\":[\"https:\\\/\\\/www.bisly.com\\\/de\\\/blog\\\/bisly-gewinnt-renommierten-prop-tech-preis-in-europa\"]}]},{\"@type\":\"ImageObject\",\"inLanguage\":\"de\",\"@id\":\"https:\\\/\\\/www.bisly.com\\\/de\\\/blog\\\/bisly-gewinnt-renommierten-prop-tech-preis-in-europa#primaryimage\",\"url\":\"https:\\\/\\\/www.bisly.com\\\/wp-content\\\/uploads\\\/2024\\\/09\\\/vcsPRAsset_3698610_464253_49ed473d-f4ed-4d27-8a95-ba12625f4fa5_0.jpg\",\"contentUrl\":\"https:\\\/\\\/www.bisly.com\\\/wp-content\\\/uploads\\\/2024\\\/09\\\/vcsPRAsset_3698610_464253_49ed473d-f4ed-4d27-8a95-ba12625f4fa5_0.jpg\",\"width\":1000,\"height\":563,\"caption\":\"proptech germany award 2024\"},{\"@type\":\"BreadcrumbList\",\"@id\":\"https:\\\/\\\/www.bisly.com\\\/de\\\/blog\\\/bisly-gewinnt-renommierten-prop-tech-preis-in-europa#breadcrumb\",\"itemListElement\":[{\"@type\":\"ListItem\",\"position\":1,\"name\":\"Home\",\"item\":\"https:\\\/\\\/www.bisly.com\\\/de\"},{\"@type\":\"ListItem\",\"position\":2,\"name\":\"Bisly gewinnt renommierten Prop-Tech-Preis in Europa\"}]},{\"@type\":\"WebSite\",\"@id\":\"https:\\\/\\\/www.bisly.com\\\/de#website\",\"url\":\"https:\\\/\\\/www.bisly.com\\\/de\",\"name\":\"Bisly\",\"description\":\"\",\"publisher\":{\"@id\":\"https:\\\/\\\/www.bisly.com\\\/de#organization\"},\"potentialAction\":[{\"@type\":\"SearchAction\",\"target\":{\"@type\":\"EntryPoint\",\"urlTemplate\":\"https:\\\/\\\/www.bisly.com\\\/de?s={search_term_string}\"},\"query-input\":{\"@type\":\"PropertyValueSpecification\",\"valueRequired\":true,\"valueName\":\"search_term_string\"}}],\"inLanguage\":\"de\"},{\"@type\":\"Organization\",\"@id\":\"https:\\\/\\\/www.bisly.com\\\/de#organization\",\"name\":\"Bisly\",\"url\":\"https:\\\/\\\/www.bisly.com\\\/de\",\"logo\":{\"@type\":\"ImageObject\",\"inLanguage\":\"de\",\"@id\":\"https:\\\/\\\/www.bisly.com\\\/de#\\\/schema\\\/logo\\\/image\\\/\",\"url\":\"https:\\\/\\\/www.bisly.com\\\/wp-content\\\/uploads\\\/2024\\\/09\\\/bisly-logo.svg\",\"contentUrl\":\"https:\\\/\\\/www.bisly.com\\\/wp-content\\\/uploads\\\/2024\\\/09\\\/bisly-logo.svg\",\"width\":120,\"height\":41,\"caption\":\"Bisly\"},\"image\":{\"@id\":\"https:\\\/\\\/www.bisly.com\\\/de#\\\/schema\\\/logo\\\/image\\\/\"},\"sameAs\":[\"https:\\\/\\\/www.facebook.com\\\/bisly.tech\\\/\",\"https:\\\/\\\/ee.linkedin.com\\\/company\\\/bislytech\"]},{\"@type\":\"Person\",\"@id\":\"https:\\\/\\\/www.bisly.com\\\/de#\\\/schema\\\/person\\\/1042d3440d161f43da004c5e84b531c0\",\"name\":\"Merilin\",\"image\":{\"@type\":\"ImageObject\",\"inLanguage\":\"de\",\"@id\":\"https:\\\/\\\/secure.gravatar.com\\\/avatar\\\/4d2befb103a9bb45630016e5387f84e97603a7eb8219694befcf90719be74638?s=96&d=mm&r=g\",\"url\":\"https:\\\/\\\/secure.gravatar.com\\\/avatar\\\/4d2befb103a9bb45630016e5387f84e97603a7eb8219694befcf90719be74638?s=96&d=mm&r=g\",\"contentUrl\":\"https:\\\/\\\/secure.gravatar.com\\\/avatar\\\/4d2befb103a9bb45630016e5387f84e97603a7eb8219694befcf90719be74638?s=96&d=mm&r=g\",\"caption\":\"Merilin\"}}]}<\/script>\n<!-- \/ Yoast SEO Premium plugin. -->","yoast_head_json":{"title":"Bisly gewinnt renommierten Prop-Tech-Preis in Europa - Bisly","description":"Der vom Bundesministerium f\u00fcr Wirtschaft und Klimaschutz gef\u00f6rderte PropTech Germany Award bringt Impulsgeber und f\u00fchrende","robots":{"index":"index","follow":"follow","max-snippet":"max-snippet:-1","max-image-preview":"max-image-preview:large","max-video-preview":"max-video-preview:-1"},"canonical":"https:\/\/www.bisly.com\/de\/blog\/bisly-gewinnt-renommierten-prop-tech-preis-in-europa","og_locale":"de_DE","og_type":"article","og_title":"Bisly gewinnt renommierten Prop-Tech-Preis in Europa","og_description":"Der vom Bundesministerium f\u00fcr Wirtschaft und Klimaschutz gef\u00f6rderte PropTech Germany Award bringt Impulsgeber und f\u00fchrende","og_url":"https:\/\/www.bisly.com\/de\/blog\/bisly-gewinnt-renommierten-prop-tech-preis-in-europa","og_site_name":"Bisly","article_publisher":"https:\/\/www.facebook.com\/bisly.tech\/","article_published_time":"2024-09-26T03:31:11+00:00","article_modified_time":"2025-06-11T14:11:19+00:00","og_image":[{"width":1000,"height":563,"url":"https:\/\/www.bisly.com\/wp-content\/uploads\/2024\/09\/vcsPRAsset_3698610_464253_49ed473d-f4ed-4d27-8a95-ba12625f4fa5_0.jpg","type":"image\/jpeg"}],"author":"Merilin","twitter_card":"summary_large_image","twitter_misc":{"Verfasst von":"Merilin","Gesch\u00e4tzte Lesezeit":"3\u00a0Minuten"},"schema":{"@context":"https:\/\/schema.org","@graph":[{"@type":"Article","@id":"https:\/\/www.bisly.com\/de\/blog\/bisly-gewinnt-renommierten-prop-tech-preis-in-europa#article","isPartOf":{"@id":"https:\/\/www.bisly.com\/de\/blog\/bisly-gewinnt-renommierten-prop-tech-preis-in-europa"},"author":{"name":"Merilin","@id":"https:\/\/www.bisly.com\/de#\/schema\/person\/1042d3440d161f43da004c5e84b531c0"},"headline":"Bisly gewinnt renommierten Prop-Tech-Preis in Europa","datePublished":"2024-09-26T03:31:11+00:00","dateModified":"2025-06-11T14:11:19+00:00","mainEntityOfPage":{"@id":"https:\/\/www.bisly.com\/de\/blog\/bisly-gewinnt-renommierten-prop-tech-preis-in-europa"},"wordCount":576,"publisher":{"@id":"https:\/\/www.bisly.com\/de#organization"},"image":{"@id":"https:\/\/www.bisly.com\/de\/blog\/bisly-gewinnt-renommierten-prop-tech-preis-in-europa#primaryimage"},"thumbnailUrl":"https:\/\/www.bisly.com\/wp-content\/uploads\/2024\/09\/vcsPRAsset_3698610_464253_49ed473d-f4ed-4d27-8a95-ba12625f4fa5_0.jpg","articleSection":["Auszeichnungen","Unternehmensnachrichten"],"inLanguage":"de"},{"@type":"WebPage","@id":"https:\/\/www.bisly.com\/de\/blog\/bisly-gewinnt-renommierten-prop-tech-preis-in-europa","url":"https:\/\/www.bisly.com\/de\/blog\/bisly-gewinnt-renommierten-prop-tech-preis-in-europa","name":"Bisly gewinnt renommierten Prop-Tech-Preis in Europa - Bisly","isPartOf":{"@id":"https:\/\/www.bisly.com\/de#website"},"primaryImageOfPage":{"@id":"https:\/\/www.bisly.com\/de\/blog\/bisly-gewinnt-renommierten-prop-tech-preis-in-europa#primaryimage"},"image":{"@id":"https:\/\/www.bisly.com\/de\/blog\/bisly-gewinnt-renommierten-prop-tech-preis-in-europa#primaryimage"},"thumbnailUrl":"https:\/\/www.bisly.com\/wp-content\/uploads\/2024\/09\/vcsPRAsset_3698610_464253_49ed473d-f4ed-4d27-8a95-ba12625f4fa5_0.jpg","datePublished":"2024-09-26T03:31:11+00:00","dateModified":"2025-06-11T14:11:19+00:00","description":"Der vom Bundesministerium f\u00fcr Wirtschaft und Klimaschutz gef\u00f6rderte PropTech Germany Award bringt Impulsgeber und f\u00fchrende","breadcrumb":{"@id":"https:\/\/www.bisly.com\/de\/blog\/bisly-gewinnt-renommierten-prop-tech-preis-in-europa#breadcrumb"},"inLanguage":"de","potentialAction":[{"@type":"ReadAction","target":["https:\/\/www.bisly.com\/de\/blog\/bisly-gewinnt-renommierten-prop-tech-preis-in-europa"]}]},{"@type":"ImageObject","inLanguage":"de","@id":"https:\/\/www.bisly.com\/de\/blog\/bisly-gewinnt-renommierten-prop-tech-preis-in-europa#primaryimage","url":"https:\/\/www.bisly.com\/wp-content\/uploads\/2024\/09\/vcsPRAsset_3698610_464253_49ed473d-f4ed-4d27-8a95-ba12625f4fa5_0.jpg","contentUrl":"https:\/\/www.bisly.com\/wp-content\/uploads\/2024\/09\/vcsPRAsset_3698610_464253_49ed473d-f4ed-4d27-8a95-ba12625f4fa5_0.jpg","width":1000,"height":563,"caption":"proptech germany award 2024"},{"@type":"BreadcrumbList","@id":"https:\/\/www.bisly.com\/de\/blog\/bisly-gewinnt-renommierten-prop-tech-preis-in-europa#breadcrumb","itemListElement":[{"@type":"ListItem","position":1,"name":"Home","item":"https:\/\/www.bisly.com\/de"},{"@type":"ListItem","position":2,"name":"Bisly gewinnt renommierten Prop-Tech-Preis in Europa"}]},{"@type":"WebSite","@id":"https:\/\/www.bisly.com\/de#website","url":"https:\/\/www.bisly.com\/de","name":"Bisly","description":"","publisher":{"@id":"https:\/\/www.bisly.com\/de#organization"},"potentialAction":[{"@type":"SearchAction","target":{"@type":"EntryPoint","urlTemplate":"https:\/\/www.bisly.com\/de?s={search_term_string}"},"query-input":{"@type":"PropertyValueSpecification","valueRequired":true,"valueName":"search_term_string"}}],"inLanguage":"de"},{"@type":"Organization","@id":"https:\/\/www.bisly.com\/de#organization","name":"Bisly","url":"https:\/\/www.bisly.com\/de","logo":{"@type":"ImageObject","inLanguage":"de","@id":"https:\/\/www.bisly.com\/de#\/schema\/logo\/image\/","url":"https:\/\/www.bisly.com\/wp-content\/uploads\/2024\/09\/bisly-logo.svg","contentUrl":"https:\/\/www.bisly.com\/wp-content\/uploads\/2024\/09\/bisly-logo.svg","width":120,"height":41,"caption":"Bisly"},"image":{"@id":"https:\/\/www.bisly.com\/de#\/schema\/logo\/image\/"},"sameAs":["https:\/\/www.facebook.com\/bisly.tech\/","https:\/\/ee.linkedin.com\/company\/bislytech"]},{"@type":"Person","@id":"https:\/\/www.bisly.com\/de#\/schema\/person\/1042d3440d161f43da004c5e84b531c0","name":"Merilin","image":{"@type":"ImageObject","inLanguage":"de","@id":"https:\/\/secure.gravatar.com\/avatar\/4d2befb103a9bb45630016e5387f84e97603a7eb8219694befcf90719be74638?s=96&d=mm&r=g","url":"https:\/\/secure.gravatar.com\/avatar\/4d2befb103a9bb45630016e5387f84e97603a7eb8219694befcf90719be74638?s=96&d=mm&r=g","contentUrl":"https:\/\/secure.gravatar.com\/avatar\/4d2befb103a9bb45630016e5387f84e97603a7eb8219694befcf90719be74638?s=96&d=mm&r=g","caption":"Merilin"}}]}},"_links":{"self":[{"href":"https:\/\/www.bisly.com\/de\/wp-json\/wp\/v2\/posts\/7133","targetHints":{"allow":["GET"]}}],"collection":[{"href":"https:\/\/www.bisly.com\/de\/wp-json\/wp\/v2\/posts"}],"about":[{"href":"https:\/\/www.bisly.com\/de\/wp-json\/wp\/v2\/types\/post"}],"author":[{"embeddable":true,"href":"https:\/\/www.bisly.com\/de\/wp-json\/wp\/v2\/users\/13"}],"replies":[{"embeddable":true,"href":"https:\/\/www.bisly.com\/de\/wp-json\/wp\/v2\/comments?post=7133"}],"version-history":[{"count":2,"href":"https:\/\/www.bisly.com\/de\/wp-json\/wp\/v2\/posts\/7133\/revisions"}],"predecessor-version":[{"id":8006,"href":"https:\/\/www.bisly.com\/de\/wp-json\/wp\/v2\/posts\/7133\/revisions\/8006"}],"wp:featuredmedia":[{"embeddable":true,"href":"https:\/\/www.bisly.com\/de\/wp-json\/wp\/v2\/media\/6721"}],"wp:attachment":[{"href":"https:\/\/www.bisly.com\/de\/wp-json\/wp\/v2\/media?parent=7133"}],"wp:term":[{"taxonomy":"category","embeddable":true,"href":"https:\/\/www.bisly.com\/de\/wp-json\/wp\/v2\/categories?post=7133"},{"taxonomy":"post_tag","embeddable":true,"href":"https:\/\/www.bisly.com\/de\/wp-json\/wp\/v2\/tags?post=7133"}],"curies":[{"name":"wp","href":"https:\/\/api.w.org\/{rel}","templated":true}]}}