{"id":1938,"date":"2022-04-02T08:41:00","date_gmt":"2022-04-02T05:41:00","guid":{"rendered":"https:\/\/www.bisly.com\/?p=1938"},"modified":"2024-09-26T04:43:15","modified_gmt":"2024-09-26T04:43:15","slug":"kokkuvote-eesti-kinnisvarafirmade-liidu-konverentsi-paneelist-energiatohusus-modernses-majas","status":"publish","type":"post","link":"https:\/\/www.bisly.com\/et\/blog\/kokkuvote-eesti-kinnisvarafirmade-liidu-konverentsi-paneelist-energiatohusus-modernses-majas","title":{"rendered":"Kokkuv\u00f5te Eesti Kinnisvarafirmade Liidu konverentsi paneelist \u201eEnergiat\u00f5husus modernses majas\u201c"},"content":{"rendered":"\n<p>24. m\u00e4rtsil kohtusid hotellis Park Inn by Radisson Eesti kinnisvaraturu eksperdid ja valdkonna arvamusliidrid, et \u00fchiselt m\u00f5tteid vahetada teemal \u201eKuhu liigub Eesti kinnisvaraturg?\u201c. EKFL kevadkonverentsi paneeldiskussioonis \u201eEnergiat\u00f5husus modernses majas\u201c jagas oma kogemusi ka Bisly m\u00fc\u00fcgidirektor Rene \u00dcpraus. Koondasime Sinu jaoks konverentsil k\u00f5lama j\u00e4\u00e4nud m\u00f5tted ja tulevikusuunad.<\/p>\n\n\n\n<h2 class=\"wp-block-heading\">Kaasaegne maja on enam kui lihtsalt seinad ja katus<\/h2>\n\n\n\n<p><a href=\"https:\/\/www.bisly.com\/et\/blogi\/bisly-osaleb-kinnisvarakonverentsil-kuhu-liigub-eesti-kinnisvaraturg\/\">Seminari<\/a> \u00fcheks l\u00e4bivaks teemaks, mida mitmed esinejad ka puudutasid, oli <strong>rohep\u00f6\u00f6re<\/strong>. Paneelis \u201cEnergiat\u00f5husus modernses majas\u201d, milles r\u00e4\u00e4kisid kaasa Bisly\u2019st Rene \u00dcpraus, Moderan Solutions tegevjuht ja kaasasutaja Kristi Hakkaja ning Scandium Kinnisvara AS juhatuse liige Kalle Aron t\u00f5deti \u00fchiselt, et klientidel on kinnisvarale hoopis suuremad ootused kui \u00fcksnes katus ja seinad. R\u00f5hku pannakse kogu hoone kontseptsioonile, aga ka sellele, et elanik v\u00f5i \u00fc\u00fcrnik peaks v\u00f5imalikult v\u00e4he ise hoonega tegelema. Paneelis osalejad olid \u00fcksmeelel, et tulevik on s\u00e4\u00e4stvate ja intelligentsete lahenduste p\u00e4ralt.<\/p>\n\n\n\n<figure class=\"wp-block-image size-large\"><img loading=\"lazy\" decoding=\"async\" width=\"2560\" height=\"1707\" src=\"https:\/\/www.bisly.com\/wp-content\/uploads\/2022\/05\/ekfl-kevadkonverents-2022-bisly-min-scaled-1.jpg\" alt=\"\" class=\"wp-image-1955\" srcset=\"https:\/\/www.bisly.com\/wp-content\/uploads\/2022\/05\/ekfl-kevadkonverents-2022-bisly-min-scaled-1.jpg 2560w, https:\/\/www.bisly.com\/wp-content\/uploads\/2022\/05\/ekfl-kevadkonverents-2022-bisly-min-scaled-1-1536x1024.jpg 1536w, https:\/\/www.bisly.com\/wp-content\/uploads\/2022\/05\/ekfl-kevadkonverents-2022-bisly-min-scaled-1-2048x1366.jpg 2048w\" sizes=\"auto, (max-width: 2560px) 100vw, 2560px\" \/><\/figure>\n\n\n\n<p>\u201dMeie Bislys keskendume energias\u00e4\u00e4stule, mille defineerime l\u00e4bi rahalise s\u00e4\u00e4stu. S\u00e4\u00e4stu annab nii v\u00e4iksem k\u00fcttearve kui ka hoone eluea pikenemine t\u00e4nu ennetavale hooldusele ja proaktiivsele reageerimisele. Meieni j\u00f5udis see idee Norra kliendilt, kes \u00fctles, et ta soovib kahte asja: energias\u00e4\u00e4stu ja hoone kestvust. Rahalise s\u00e4\u00e4stu annab kindlasti ka hoone efektiivne haldamine,\u201d jagas oma kogemusi <strong>Rene \u00dcpraus<\/strong>.<\/p>\n\n\n\n<p><strong>Kalle Aron Scandium Kinnisvarast<\/strong> lisas: \u201cEnergiat\u00f5husus ja roheline l\u00e4henemine on peamine. Bisly \u00fctles v\u00e4ga \u00f5igesti, et \u00f5igete lisav\u00e4\u00e4rtustega hoones tunnevad inimesed end paremini, on produktiivsemad ja parema enesetundega. Peab tuvastama, kus on k\u00f5ige suuremad raiskamiskohad ja v\u00f5tma targad abilised appi, on need siis Bisly seadmed v\u00f5i midagi muud ning viima raiskamise miinimumini.\u201d<\/p>\n\n\n\n<p>\u201cNutikas hoonejuhtimise tehnoloogia on viimased k\u00fcmme aastat tugevalt arenenud. Esialgu tuldi turule suure \u201churraaga\u201d ja hakati kohe nutikodusid tegema. Lahendused olid popid ja kliendid hakkasid hoolega kasutama, kuid tehnoloogia ei olnud tol hetkel veel valmis. Probleeme on kindlasti k\u00f5igil olnud, ka meil, kuid oluline on see, kuidas ja kui kiiresti neid probleeme lahendada suudad. \u00dcks v\u00f5tmes\u00f5na on kindlasti ka s\u00fcsteemide hooldus \u2013 uuendamine ja s\u00fcsteemi <em>up-to-date<\/em> hoidmine lisab s\u00fcsteemile oluliselt t\u00f6\u00f6kindlust,\u201d r\u00e4\u00e4kis Rene nutilahenduste tulevikusuundadest ja teenuse kvaliteedi tagamisest. <\/p>\n\n\n\n<p><strong>Ardi Roosimaa Restate kinnisvarast<\/strong>: \u201cMa arvan, et automatiseerimise \u00fcks punkt, olen seda ka korduvalt \u00f6elnud, on see, et selle alus on info t\u00f5esus \u2013 s\u00fcsteem annab sulle kindlasti tagasisidet, mis on hoonega p\u00e4riselt toimunud ja aitab seda j\u00e4lgida\u201d.<\/p>\n\n\n\n<figure class=\"wp-block-image size-large\"><img loading=\"lazy\" decoding=\"async\" width=\"2560\" height=\"1707\" src=\"https:\/\/www.bisly.com\/wp-content\/uploads\/2022\/05\/ekfl-kevadkonverents-2022-bisly-paneel-rene-ypraus-min-scaled-1.jpg\" alt=\"EKFL kevadkonverents\" class=\"wp-image-1947\" srcset=\"https:\/\/www.bisly.com\/wp-content\/uploads\/2022\/05\/ekfl-kevadkonverents-2022-bisly-paneel-rene-ypraus-min-scaled-1.jpg 2560w, https:\/\/www.bisly.com\/wp-content\/uploads\/2022\/05\/ekfl-kevadkonverents-2022-bisly-paneel-rene-ypraus-min-scaled-1-1536x1024.jpg 1536w, https:\/\/www.bisly.com\/wp-content\/uploads\/2022\/05\/ekfl-kevadkonverents-2022-bisly-paneel-rene-ypraus-min-scaled-1-2048x1366.jpg 2048w\" sizes=\"auto, (max-width: 2560px) 100vw, 2560px\" \/><\/figure>\n","protected":false},"excerpt":{"rendered":"<p>24. m\u00e4rtsil kohtusid hotellis Park Inn by Radisson Eesti kinnisvaraturu eksperdid ja valdkonna arvamusliidrid, et \u00fchiselt m\u00f5tteid vahetada teemal \u201eKuhu liigub Eesti kinnisvaraturg?\u201c. EKFL kevadkonverentsi paneeldiskussioonis \u201eEnergiat\u00f5husus modernses majas\u201c jagas oma kogemusi ka Bisly m\u00fc\u00fcgidirektor Rene \u00dcpraus. Koondasime Sinu jaoks konverentsil k\u00f5lama j\u00e4\u00e4nud m\u00f5tted ja tulevikusuunad. Kaasaegne maja on enam kui lihtsalt seinad ja katus&#8230;  <a class=\"excerpt-read-more\" href=\"https:\/\/www.bisly.com\/et\/blog\/kokkuvote-eesti-kinnisvarafirmade-liidu-konverentsi-paneelist-energiatohusus-modernses-majas\" title=\"Read Kokkuv\u00f5te Eesti Kinnisvarafirmade Liidu konverentsi paneelist \u201eEnergiat\u00f5husus modernses majas\u201c\">Read more &raquo;<\/a><\/p>\n","protected":false},"author":13,"featured_media":1939,"comment_status":"closed","ping_status":"closed","sticky":false,"template":"","format":"standard","meta":{"_acf_changed":false,"footnotes":""},"categories":[33],"tags":[],"class_list":["post-1938","post","type-post","status-publish","format-standard","has-post-thumbnail","hentry","category-blogi"],"acf":[],"yoast_head":"<!-- This site is optimized with the Yoast SEO Premium plugin v23.5 (Yoast SEO v27.5) - https:\/\/yoast.com\/product\/yoast-seo-premium-wordpress\/ -->\n<title>Kokkuv\u00f5te Eesti Kinnisvarafirmade Liidu konverentsi paneelist \u201eEnergiat\u00f5husus modernses majas\u201c - Bisly<\/title>\n<meta name=\"description\" content=\"EKFL kevadkonverentsi paneeldiskussioonis \u201eEnergiat\u00f5husus modernses majas\u201c jagas oma kogemusi ka Bisly m\u00fc\u00fcgidirektor Rene \u00dcpraus.\" \/>\n<meta name=\"robots\" content=\"index, follow, max-snippet:-1, max-image-preview:large, max-video-preview:-1\" \/>\n<link rel=\"canonical\" href=\"https:\/\/www.bisly.com\/et\/blog\/kokkuvote-eesti-kinnisvarafirmade-liidu-konverentsi-paneelist-energiatohusus-modernses-majas\" \/>\n<meta property=\"og:locale\" content=\"et_EE\" \/>\n<meta property=\"og:type\" content=\"article\" \/>\n<meta property=\"og:title\" content=\"Kokkuv\u00f5te Eesti Kinnisvarafirmade Liidu konverentsi paneelist \u201eEnergiat\u00f5husus modernses majas\u201c\" \/>\n<meta property=\"og:description\" content=\"EKFL kevadkonverentsi paneeldiskussioonis \u201eEnergiat\u00f5husus modernses majas\u201c jagas oma kogemusi ka Bisly m\u00fc\u00fcgidirektor Rene \u00dcpraus.\" \/>\n<meta property=\"og:url\" content=\"https:\/\/www.bisly.com\/et\/blog\/kokkuvote-eesti-kinnisvarafirmade-liidu-konverentsi-paneelist-energiatohusus-modernses-majas\" \/>\n<meta property=\"og:site_name\" content=\"Bisly\" \/>\n<meta property=\"article:publisher\" content=\"https:\/\/www.facebook.com\/bisly.tech\/\" \/>\n<meta property=\"article:published_time\" content=\"2022-04-02T05:41:00+00:00\" \/>\n<meta property=\"article:modified_time\" content=\"2024-09-26T04:43:15+00:00\" \/>\n<meta property=\"og:image\" content=\"https:\/\/www.bisly.com\/wp-content\/uploads\/2022\/05\/ekfl-kevadkonverents-2022-bisly-paneel-min-scaled-1.jpg\" \/>\n\t<meta property=\"og:image:width\" content=\"2560\" \/>\n\t<meta property=\"og:image:height\" content=\"1707\" \/>\n\t<meta property=\"og:image:type\" content=\"image\/jpeg\" \/>\n<meta name=\"author\" content=\"Merilin\" \/>\n<meta name=\"twitter:card\" content=\"summary_large_image\" \/>\n<meta name=\"twitter:label1\" content=\"Written by\" \/>\n\t<meta name=\"twitter:data1\" content=\"Merilin\" \/>\n\t<meta name=\"twitter:label2\" content=\"Est. reading time\" \/>\n\t<meta name=\"twitter:data2\" content=\"3 minutit\" \/>\n<script type=\"application\/ld+json\" class=\"yoast-schema-graph\">{\"@context\":\"https:\\\/\\\/schema.org\",\"@graph\":[{\"@type\":\"Article\",\"@id\":\"https:\\\/\\\/www.bisly.com\\\/et\\\/blog\\\/kokkuvote-eesti-kinnisvarafirmade-liidu-konverentsi-paneelist-energiatohusus-modernses-majas#article\",\"isPartOf\":{\"@id\":\"https:\\\/\\\/www.bisly.com\\\/et\\\/blog\\\/kokkuvote-eesti-kinnisvarafirmade-liidu-konverentsi-paneelist-energiatohusus-modernses-majas\"},\"author\":{\"name\":\"Merilin\",\"@id\":\"https:\\\/\\\/www.bisly.com\\\/et#\\\/schema\\\/person\\\/1042d3440d161f43da004c5e84b531c0\"},\"headline\":\"Kokkuv\u00f5te Eesti Kinnisvarafirmade Liidu konverentsi paneelist \u201eEnergiat\u00f5husus modernses majas\u201c\",\"datePublished\":\"2022-04-02T05:41:00+00:00\",\"dateModified\":\"2024-09-26T04:43:15+00:00\",\"mainEntityOfPage\":{\"@id\":\"https:\\\/\\\/www.bisly.com\\\/et\\\/blog\\\/kokkuvote-eesti-kinnisvarafirmade-liidu-konverentsi-paneelist-energiatohusus-modernses-majas\"},\"wordCount\":416,\"publisher\":{\"@id\":\"https:\\\/\\\/www.bisly.com\\\/et#organization\"},\"image\":{\"@id\":\"https:\\\/\\\/www.bisly.com\\\/et\\\/blog\\\/kokkuvote-eesti-kinnisvarafirmade-liidu-konverentsi-paneelist-energiatohusus-modernses-majas#primaryimage\"},\"thumbnailUrl\":\"https:\\\/\\\/www.bisly.com\\\/wp-content\\\/uploads\\\/2022\\\/05\\\/ekfl-kevadkonverents-2022-bisly-paneel-min-scaled-1.jpg\",\"articleSection\":[\"Blogi\"],\"inLanguage\":\"et\"},{\"@type\":\"WebPage\",\"@id\":\"https:\\\/\\\/www.bisly.com\\\/et\\\/blog\\\/kokkuvote-eesti-kinnisvarafirmade-liidu-konverentsi-paneelist-energiatohusus-modernses-majas\",\"url\":\"https:\\\/\\\/www.bisly.com\\\/et\\\/blog\\\/kokkuvote-eesti-kinnisvarafirmade-liidu-konverentsi-paneelist-energiatohusus-modernses-majas\",\"name\":\"Kokkuv\u00f5te Eesti Kinnisvarafirmade Liidu konverentsi paneelist \u201eEnergiat\u00f5husus modernses majas\u201c - Bisly\",\"isPartOf\":{\"@id\":\"https:\\\/\\\/www.bisly.com\\\/et#website\"},\"primaryImageOfPage\":{\"@id\":\"https:\\\/\\\/www.bisly.com\\\/et\\\/blog\\\/kokkuvote-eesti-kinnisvarafirmade-liidu-konverentsi-paneelist-energiatohusus-modernses-majas#primaryimage\"},\"image\":{\"@id\":\"https:\\\/\\\/www.bisly.com\\\/et\\\/blog\\\/kokkuvote-eesti-kinnisvarafirmade-liidu-konverentsi-paneelist-energiatohusus-modernses-majas#primaryimage\"},\"thumbnailUrl\":\"https:\\\/\\\/www.bisly.com\\\/wp-content\\\/uploads\\\/2022\\\/05\\\/ekfl-kevadkonverents-2022-bisly-paneel-min-scaled-1.jpg\",\"datePublished\":\"2022-04-02T05:41:00+00:00\",\"dateModified\":\"2024-09-26T04:43:15+00:00\",\"description\":\"EKFL kevadkonverentsi paneeldiskussioonis \u201eEnergiat\u00f5husus modernses majas\u201c jagas oma kogemusi ka Bisly m\u00fc\u00fcgidirektor Rene \u00dcpraus.\",\"breadcrumb\":{\"@id\":\"https:\\\/\\\/www.bisly.com\\\/et\\\/blog\\\/kokkuvote-eesti-kinnisvarafirmade-liidu-konverentsi-paneelist-energiatohusus-modernses-majas#breadcrumb\"},\"inLanguage\":\"et\",\"potentialAction\":[{\"@type\":\"ReadAction\",\"target\":[\"https:\\\/\\\/www.bisly.com\\\/et\\\/blog\\\/kokkuvote-eesti-kinnisvarafirmade-liidu-konverentsi-paneelist-energiatohusus-modernses-majas\"]}]},{\"@type\":\"ImageObject\",\"inLanguage\":\"et\",\"@id\":\"https:\\\/\\\/www.bisly.com\\\/et\\\/blog\\\/kokkuvote-eesti-kinnisvarafirmade-liidu-konverentsi-paneelist-energiatohusus-modernses-majas#primaryimage\",\"url\":\"https:\\\/\\\/www.bisly.com\\\/wp-content\\\/uploads\\\/2022\\\/05\\\/ekfl-kevadkonverents-2022-bisly-paneel-min-scaled-1.jpg\",\"contentUrl\":\"https:\\\/\\\/www.bisly.com\\\/wp-content\\\/uploads\\\/2022\\\/05\\\/ekfl-kevadkonverents-2022-bisly-paneel-min-scaled-1.jpg\",\"width\":2560,\"height\":1707,\"caption\":\"Bisly EKFL kevadkonverentsil\"},{\"@type\":\"BreadcrumbList\",\"@id\":\"https:\\\/\\\/www.bisly.com\\\/et\\\/blog\\\/kokkuvote-eesti-kinnisvarafirmade-liidu-konverentsi-paneelist-energiatohusus-modernses-majas#breadcrumb\",\"itemListElement\":[{\"@type\":\"ListItem\",\"position\":1,\"name\":\"Home\",\"item\":\"https:\\\/\\\/www.bisly.com\\\/et\"},{\"@type\":\"ListItem\",\"position\":2,\"name\":\"Kokkuv\u00f5te Eesti Kinnisvarafirmade Liidu konverentsi paneelist \u201eEnergiat\u00f5husus modernses majas\u201c\"}]},{\"@type\":\"WebSite\",\"@id\":\"https:\\\/\\\/www.bisly.com\\\/et#website\",\"url\":\"https:\\\/\\\/www.bisly.com\\\/et\",\"name\":\"Bisly\",\"description\":\"\",\"publisher\":{\"@id\":\"https:\\\/\\\/www.bisly.com\\\/et#organization\"},\"potentialAction\":[{\"@type\":\"SearchAction\",\"target\":{\"@type\":\"EntryPoint\",\"urlTemplate\":\"https:\\\/\\\/www.bisly.com\\\/et?s={search_term_string}\"},\"query-input\":{\"@type\":\"PropertyValueSpecification\",\"valueRequired\":true,\"valueName\":\"search_term_string\"}}],\"inLanguage\":\"et\"},{\"@type\":\"Organization\",\"@id\":\"https:\\\/\\\/www.bisly.com\\\/et#organization\",\"name\":\"Bisly\",\"url\":\"https:\\\/\\\/www.bisly.com\\\/et\",\"logo\":{\"@type\":\"ImageObject\",\"inLanguage\":\"et\",\"@id\":\"https:\\\/\\\/www.bisly.com\\\/et#\\\/schema\\\/logo\\\/image\\\/\",\"url\":\"https:\\\/\\\/www.bisly.com\\\/wp-content\\\/uploads\\\/2024\\\/09\\\/bisly-logo.svg\",\"contentUrl\":\"https:\\\/\\\/www.bisly.com\\\/wp-content\\\/uploads\\\/2024\\\/09\\\/bisly-logo.svg\",\"width\":120,\"height\":41,\"caption\":\"Bisly\"},\"image\":{\"@id\":\"https:\\\/\\\/www.bisly.com\\\/et#\\\/schema\\\/logo\\\/image\\\/\"},\"sameAs\":[\"https:\\\/\\\/www.facebook.com\\\/bisly.tech\\\/\",\"https:\\\/\\\/ee.linkedin.com\\\/company\\\/bislytech\"]},{\"@type\":\"Person\",\"@id\":\"https:\\\/\\\/www.bisly.com\\\/et#\\\/schema\\\/person\\\/1042d3440d161f43da004c5e84b531c0\",\"name\":\"Merilin\",\"image\":{\"@type\":\"ImageObject\",\"inLanguage\":\"et\",\"@id\":\"https:\\\/\\\/secure.gravatar.com\\\/avatar\\\/4d2befb103a9bb45630016e5387f84e97603a7eb8219694befcf90719be74638?s=96&d=mm&r=g\",\"url\":\"https:\\\/\\\/secure.gravatar.com\\\/avatar\\\/4d2befb103a9bb45630016e5387f84e97603a7eb8219694befcf90719be74638?s=96&d=mm&r=g\",\"contentUrl\":\"https:\\\/\\\/secure.gravatar.com\\\/avatar\\\/4d2befb103a9bb45630016e5387f84e97603a7eb8219694befcf90719be74638?s=96&d=mm&r=g\",\"caption\":\"Merilin\"}}]}<\/script>\n<!-- \/ Yoast SEO Premium plugin. -->","yoast_head_json":{"title":"Kokkuv\u00f5te Eesti Kinnisvarafirmade Liidu konverentsi paneelist \u201eEnergiat\u00f5husus modernses majas\u201c - Bisly","description":"EKFL kevadkonverentsi paneeldiskussioonis \u201eEnergiat\u00f5husus modernses majas\u201c jagas oma kogemusi ka Bisly m\u00fc\u00fcgidirektor Rene \u00dcpraus.","robots":{"index":"index","follow":"follow","max-snippet":"max-snippet:-1","max-image-preview":"max-image-preview:large","max-video-preview":"max-video-preview:-1"},"canonical":"https:\/\/www.bisly.com\/et\/blog\/kokkuvote-eesti-kinnisvarafirmade-liidu-konverentsi-paneelist-energiatohusus-modernses-majas","og_locale":"et_EE","og_type":"article","og_title":"Kokkuv\u00f5te Eesti Kinnisvarafirmade Liidu konverentsi paneelist \u201eEnergiat\u00f5husus modernses majas\u201c","og_description":"EKFL kevadkonverentsi paneeldiskussioonis \u201eEnergiat\u00f5husus modernses majas\u201c jagas oma kogemusi ka Bisly m\u00fc\u00fcgidirektor Rene \u00dcpraus.","og_url":"https:\/\/www.bisly.com\/et\/blog\/kokkuvote-eesti-kinnisvarafirmade-liidu-konverentsi-paneelist-energiatohusus-modernses-majas","og_site_name":"Bisly","article_publisher":"https:\/\/www.facebook.com\/bisly.tech\/","article_published_time":"2022-04-02T05:41:00+00:00","article_modified_time":"2024-09-26T04:43:15+00:00","og_image":[{"width":2560,"height":1707,"url":"https:\/\/www.bisly.com\/wp-content\/uploads\/2022\/05\/ekfl-kevadkonverents-2022-bisly-paneel-min-scaled-1.jpg","type":"image\/jpeg"}],"author":"Merilin","twitter_card":"summary_large_image","twitter_misc":{"Written by":"Merilin","Est. reading time":"3 minutit"},"schema":{"@context":"https:\/\/schema.org","@graph":[{"@type":"Article","@id":"https:\/\/www.bisly.com\/et\/blog\/kokkuvote-eesti-kinnisvarafirmade-liidu-konverentsi-paneelist-energiatohusus-modernses-majas#article","isPartOf":{"@id":"https:\/\/www.bisly.com\/et\/blog\/kokkuvote-eesti-kinnisvarafirmade-liidu-konverentsi-paneelist-energiatohusus-modernses-majas"},"author":{"name":"Merilin","@id":"https:\/\/www.bisly.com\/et#\/schema\/person\/1042d3440d161f43da004c5e84b531c0"},"headline":"Kokkuv\u00f5te Eesti Kinnisvarafirmade Liidu konverentsi paneelist \u201eEnergiat\u00f5husus modernses majas\u201c","datePublished":"2022-04-02T05:41:00+00:00","dateModified":"2024-09-26T04:43:15+00:00","mainEntityOfPage":{"@id":"https:\/\/www.bisly.com\/et\/blog\/kokkuvote-eesti-kinnisvarafirmade-liidu-konverentsi-paneelist-energiatohusus-modernses-majas"},"wordCount":416,"publisher":{"@id":"https:\/\/www.bisly.com\/et#organization"},"image":{"@id":"https:\/\/www.bisly.com\/et\/blog\/kokkuvote-eesti-kinnisvarafirmade-liidu-konverentsi-paneelist-energiatohusus-modernses-majas#primaryimage"},"thumbnailUrl":"https:\/\/www.bisly.com\/wp-content\/uploads\/2022\/05\/ekfl-kevadkonverents-2022-bisly-paneel-min-scaled-1.jpg","articleSection":["Blogi"],"inLanguage":"et"},{"@type":"WebPage","@id":"https:\/\/www.bisly.com\/et\/blog\/kokkuvote-eesti-kinnisvarafirmade-liidu-konverentsi-paneelist-energiatohusus-modernses-majas","url":"https:\/\/www.bisly.com\/et\/blog\/kokkuvote-eesti-kinnisvarafirmade-liidu-konverentsi-paneelist-energiatohusus-modernses-majas","name":"Kokkuv\u00f5te Eesti Kinnisvarafirmade Liidu konverentsi paneelist \u201eEnergiat\u00f5husus modernses majas\u201c - Bisly","isPartOf":{"@id":"https:\/\/www.bisly.com\/et#website"},"primaryImageOfPage":{"@id":"https:\/\/www.bisly.com\/et\/blog\/kokkuvote-eesti-kinnisvarafirmade-liidu-konverentsi-paneelist-energiatohusus-modernses-majas#primaryimage"},"image":{"@id":"https:\/\/www.bisly.com\/et\/blog\/kokkuvote-eesti-kinnisvarafirmade-liidu-konverentsi-paneelist-energiatohusus-modernses-majas#primaryimage"},"thumbnailUrl":"https:\/\/www.bisly.com\/wp-content\/uploads\/2022\/05\/ekfl-kevadkonverents-2022-bisly-paneel-min-scaled-1.jpg","datePublished":"2022-04-02T05:41:00+00:00","dateModified":"2024-09-26T04:43:15+00:00","description":"EKFL kevadkonverentsi paneeldiskussioonis \u201eEnergiat\u00f5husus modernses majas\u201c jagas oma kogemusi ka Bisly m\u00fc\u00fcgidirektor Rene \u00dcpraus.","breadcrumb":{"@id":"https:\/\/www.bisly.com\/et\/blog\/kokkuvote-eesti-kinnisvarafirmade-liidu-konverentsi-paneelist-energiatohusus-modernses-majas#breadcrumb"},"inLanguage":"et","potentialAction":[{"@type":"ReadAction","target":["https:\/\/www.bisly.com\/et\/blog\/kokkuvote-eesti-kinnisvarafirmade-liidu-konverentsi-paneelist-energiatohusus-modernses-majas"]}]},{"@type":"ImageObject","inLanguage":"et","@id":"https:\/\/www.bisly.com\/et\/blog\/kokkuvote-eesti-kinnisvarafirmade-liidu-konverentsi-paneelist-energiatohusus-modernses-majas#primaryimage","url":"https:\/\/www.bisly.com\/wp-content\/uploads\/2022\/05\/ekfl-kevadkonverents-2022-bisly-paneel-min-scaled-1.jpg","contentUrl":"https:\/\/www.bisly.com\/wp-content\/uploads\/2022\/05\/ekfl-kevadkonverents-2022-bisly-paneel-min-scaled-1.jpg","width":2560,"height":1707,"caption":"Bisly EKFL kevadkonverentsil"},{"@type":"BreadcrumbList","@id":"https:\/\/www.bisly.com\/et\/blog\/kokkuvote-eesti-kinnisvarafirmade-liidu-konverentsi-paneelist-energiatohusus-modernses-majas#breadcrumb","itemListElement":[{"@type":"ListItem","position":1,"name":"Home","item":"https:\/\/www.bisly.com\/et"},{"@type":"ListItem","position":2,"name":"Kokkuv\u00f5te Eesti Kinnisvarafirmade Liidu konverentsi paneelist \u201eEnergiat\u00f5husus modernses majas\u201c"}]},{"@type":"WebSite","@id":"https:\/\/www.bisly.com\/et#website","url":"https:\/\/www.bisly.com\/et","name":"Bisly","description":"","publisher":{"@id":"https:\/\/www.bisly.com\/et#organization"},"potentialAction":[{"@type":"SearchAction","target":{"@type":"EntryPoint","urlTemplate":"https:\/\/www.bisly.com\/et?s={search_term_string}"},"query-input":{"@type":"PropertyValueSpecification","valueRequired":true,"valueName":"search_term_string"}}],"inLanguage":"et"},{"@type":"Organization","@id":"https:\/\/www.bisly.com\/et#organization","name":"Bisly","url":"https:\/\/www.bisly.com\/et","logo":{"@type":"ImageObject","inLanguage":"et","@id":"https:\/\/www.bisly.com\/et#\/schema\/logo\/image\/","url":"https:\/\/www.bisly.com\/wp-content\/uploads\/2024\/09\/bisly-logo.svg","contentUrl":"https:\/\/www.bisly.com\/wp-content\/uploads\/2024\/09\/bisly-logo.svg","width":120,"height":41,"caption":"Bisly"},"image":{"@id":"https:\/\/www.bisly.com\/et#\/schema\/logo\/image\/"},"sameAs":["https:\/\/www.facebook.com\/bisly.tech\/","https:\/\/ee.linkedin.com\/company\/bislytech"]},{"@type":"Person","@id":"https:\/\/www.bisly.com\/et#\/schema\/person\/1042d3440d161f43da004c5e84b531c0","name":"Merilin","image":{"@type":"ImageObject","inLanguage":"et","@id":"https:\/\/secure.gravatar.com\/avatar\/4d2befb103a9bb45630016e5387f84e97603a7eb8219694befcf90719be74638?s=96&d=mm&r=g","url":"https:\/\/secure.gravatar.com\/avatar\/4d2befb103a9bb45630016e5387f84e97603a7eb8219694befcf90719be74638?s=96&d=mm&r=g","contentUrl":"https:\/\/secure.gravatar.com\/avatar\/4d2befb103a9bb45630016e5387f84e97603a7eb8219694befcf90719be74638?s=96&d=mm&r=g","caption":"Merilin"}}]}},"_links":{"self":[{"href":"https:\/\/www.bisly.com\/et\/wp-json\/wp\/v2\/posts\/1938","targetHints":{"allow":["GET"]}}],"collection":[{"href":"https:\/\/www.bisly.com\/et\/wp-json\/wp\/v2\/posts"}],"about":[{"href":"https:\/\/www.bisly.com\/et\/wp-json\/wp\/v2\/types\/post"}],"author":[{"embeddable":true,"href":"https:\/\/www.bisly.com\/et\/wp-json\/wp\/v2\/users\/13"}],"replies":[{"embeddable":true,"href":"https:\/\/www.bisly.com\/et\/wp-json\/wp\/v2\/comments?post=1938"}],"version-history":[{"count":1,"href":"https:\/\/www.bisly.com\/et\/wp-json\/wp\/v2\/posts\/1938\/revisions"}],"predecessor-version":[{"id":4157,"href":"https:\/\/www.bisly.com\/et\/wp-json\/wp\/v2\/posts\/1938\/revisions\/4157"}],"wp:featuredmedia":[{"embeddable":true,"href":"https:\/\/www.bisly.com\/et\/wp-json\/wp\/v2\/media\/1939"}],"wp:attachment":[{"href":"https:\/\/www.bisly.com\/et\/wp-json\/wp\/v2\/media?parent=1938"}],"wp:term":[{"taxonomy":"category","embeddable":true,"href":"https:\/\/www.bisly.com\/et\/wp-json\/wp\/v2\/categories?post=1938"},{"taxonomy":"post_tag","embeddable":true,"href":"https:\/\/www.bisly.com\/et\/wp-json\/wp\/v2\/tags?post=1938"}],"curies":[{"name":"wp","href":"https:\/\/api.w.org\/{rel}","templated":true}]}}