{"id":2482,"date":"2023-02-15T08:15:00","date_gmt":"2023-02-15T06:15:00","guid":{"rendered":"https:\/\/www.bisly.com\/?p=2482"},"modified":"2024-11-01T11:07:21","modified_gmt":"2024-11-01T11:07:21","slug":"bisly-ja-kone-muudavad-liftikasutuse-veelgi-mugavamaks","status":"publish","type":"post","link":"https:\/\/www.bisly.com\/et\/blog\/bisly-ja-kone-muudavad-liftikasutuse-veelgi-mugavamaks","title":{"rendered":"Bisly ja KONE muudavad liftikasutuse veelgi mugavamaks!"},"content":{"rendered":"\n<p>M\u00f6\u00f6dunud n\u00e4dalal toimus Tallinnas liftide ja eskalaatorite turuliidri KONE infop\u00e4ev \u201cFIB days\u201d, millest v\u00f5ttis osa ka Bisly tiim ning kus ettekande hooneautomaatika arengutest tegi Bisly tegevjuht Siim Vips.<\/p>\n\n\n\n<p>On hea meel t\u00f5deda, et oleme intelligentsete hoonete teenuse ning integreerimisv\u00f5imekusega end igati t\u00f5estanud ja niiv\u00f5rd esinduslikule ettev\u00f5ttele v\u00e4\u00e4rikaks partneriks. Peagi on valmimas esimene uue KONE API- t\u00e4isliidestusega projekt ning juba l\u00e4hitulevikus muudavad intelligentselt juhitud liftid l\u00f5ppkasutaja igap\u00e4evase liikumise veelgi sujuvamaks.<\/p>\n\n\n\n<p>Siim Vips: \u201cKui seni piirdus enamus objektidel integratsioon lifti tellimisega ja see vajas palju t\u00f6\u00f6d ning kaabeldust, siis KONE uus API teenus v\u00f5imaldab lihtsasti kasutada ilma lisat\u00f6id tegemata k\u00f5ikv\u00f5imalikke liftiga seotud teenuseid. N\u00e4eme antud uuele teenusele suurt rahvusvahelise koost\u00f6\u00f6 potentsiaali nii \u00e4rihoonete uuendamise ja ehituse kui ka uute kortermajade valdkonnas.\u201d<\/p>\n\n\n\n<p>Konverentsil kinnitasid osapooled KONE ja Bisly igak\u00fclgset valmidust edaspidiseks edukaks koost\u00f6\u00f6ks. KONE on tootearenduses liikumas teenuse laiendamise suunas, et tagada inimeste parim kasutajakogemus. Siim Vips tegi ettekande teemal \u201eEvery Building Deserves to be Intelligent\u201c ning osales koos teiste valdkonnaliidritega paneelis, kus teemaks oli \u00e4ri- ja elukondliku kinnisvaraturu arengud.<\/p>\n\n\n<div class=\"wp-block-image\">\n<figure class=\"aligncenter size-full\"><img loading=\"lazy\" decoding=\"async\" width=\"1440\" height=\"670\" src=\"https:\/\/www.bisly.com\/wp-content\/uploads\/2023\/02\/kone-bisly-api.png\" alt=\"\" class=\"wp-image-2483\"\/><\/figure>\n<\/div>","protected":false},"excerpt":{"rendered":"<p>M\u00f6\u00f6dunud n\u00e4dalal toimus Tallinnas liftide ja eskalaatorite turuliidri KONE infop\u00e4ev \u201cFIB days\u201d, millest v\u00f5ttis osa ka Bisly tiim ning kus ettekande hooneautomaatika arengutest tegi Bisly tegevjuht Siim Vips. On hea meel t\u00f5deda, et oleme intelligentsete hoonete teenuse ning integreerimisv\u00f5imekusega end igati t\u00f5estanud ja niiv\u00f5rd esinduslikule ettev\u00f5ttele v\u00e4\u00e4rikaks partneriks. Peagi on valmimas esimene uue KONE API-&#8230;  <a class=\"excerpt-read-more\" href=\"https:\/\/www.bisly.com\/et\/blog\/bisly-ja-kone-muudavad-liftikasutuse-veelgi-mugavamaks\" title=\"Read Bisly ja KONE muudavad liftikasutuse veelgi mugavamaks!\">Read more &raquo;<\/a><\/p>\n","protected":false},"author":13,"featured_media":2491,"comment_status":"closed","ping_status":"closed","sticky":false,"template":"","format":"standard","meta":{"_acf_changed":false,"footnotes":""},"categories":[50],"tags":[],"class_list":["post-2482","post","type-post","status-publish","format-standard","has-post-thumbnail","hentry","category-partnerid"],"acf":[],"yoast_head":"<!-- This site is optimized with the Yoast SEO Premium plugin v23.5 (Yoast SEO v27.5) - https:\/\/yoast.com\/product\/yoast-seo-premium-wordpress\/ -->\n<title>Bisly ja KONE muudavad liftikasutuse veelgi mugavamaks! - Bisly<\/title>\n<meta name=\"description\" content=\"Tallinnas toimus liftide ja eskalaatorite turuliidri KONE infop\u00e4ev \u201cFIB days\u201d, kus ettekande tegi Bisly CEO Siim Vips.\" \/>\n<meta name=\"robots\" content=\"index, follow, max-snippet:-1, max-image-preview:large, max-video-preview:-1\" \/>\n<link rel=\"canonical\" href=\"https:\/\/www.bisly.com\/et\/blog\/bisly-ja-kone-muudavad-liftikasutuse-veelgi-mugavamaks\" \/>\n<meta property=\"og:locale\" content=\"et_EE\" \/>\n<meta property=\"og:type\" content=\"article\" \/>\n<meta property=\"og:title\" content=\"Bisly ja KONE muudavad liftikasutuse veelgi mugavamaks!\" \/>\n<meta property=\"og:description\" content=\"Tallinnas toimus liftide ja eskalaatorite turuliidri KONE infop\u00e4ev \u201cFIB days\u201d, kus ettekande tegi Bisly CEO Siim Vips.\" \/>\n<meta property=\"og:url\" content=\"https:\/\/www.bisly.com\/et\/blog\/bisly-ja-kone-muudavad-liftikasutuse-veelgi-mugavamaks\" \/>\n<meta property=\"og:site_name\" content=\"Bisly\" \/>\n<meta property=\"article:publisher\" content=\"https:\/\/www.facebook.com\/bisly.tech\/\" \/>\n<meta property=\"article:published_time\" content=\"2023-02-15T06:15:00+00:00\" \/>\n<meta property=\"article:modified_time\" content=\"2024-11-01T11:07:21+00:00\" \/>\n<meta property=\"og:image\" content=\"https:\/\/www.bisly.com\/wp-content\/uploads\/2023\/02\/bisly-kone-api-min.jpg\" \/>\n\t<meta property=\"og:image:width\" content=\"1270\" \/>\n\t<meta property=\"og:image:height\" content=\"720\" \/>\n\t<meta property=\"og:image:type\" content=\"image\/jpeg\" \/>\n<meta name=\"author\" content=\"Merilin\" \/>\n<meta name=\"twitter:card\" content=\"summary_large_image\" \/>\n<meta name=\"twitter:label1\" content=\"Written by\" \/>\n\t<meta name=\"twitter:data1\" content=\"Merilin\" \/>\n\t<meta name=\"twitter:label2\" content=\"Est. reading time\" \/>\n\t<meta name=\"twitter:data2\" content=\"2 minutit\" \/>\n<script type=\"application\/ld+json\" class=\"yoast-schema-graph\">{\"@context\":\"https:\\\/\\\/schema.org\",\"@graph\":[{\"@type\":\"Article\",\"@id\":\"https:\\\/\\\/www.bisly.com\\\/et\\\/blog\\\/bisly-ja-kone-muudavad-liftikasutuse-veelgi-mugavamaks#article\",\"isPartOf\":{\"@id\":\"https:\\\/\\\/www.bisly.com\\\/et\\\/blog\\\/bisly-ja-kone-muudavad-liftikasutuse-veelgi-mugavamaks\"},\"author\":{\"name\":\"Merilin\",\"@id\":\"https:\\\/\\\/www.bisly.com\\\/et#\\\/schema\\\/person\\\/1042d3440d161f43da004c5e84b531c0\"},\"headline\":\"Bisly ja KONE muudavad liftikasutuse veelgi mugavamaks!\",\"datePublished\":\"2023-02-15T06:15:00+00:00\",\"dateModified\":\"2024-11-01T11:07:21+00:00\",\"mainEntityOfPage\":{\"@id\":\"https:\\\/\\\/www.bisly.com\\\/et\\\/blog\\\/bisly-ja-kone-muudavad-liftikasutuse-veelgi-mugavamaks\"},\"wordCount\":196,\"publisher\":{\"@id\":\"https:\\\/\\\/www.bisly.com\\\/et#organization\"},\"image\":{\"@id\":\"https:\\\/\\\/www.bisly.com\\\/et\\\/blog\\\/bisly-ja-kone-muudavad-liftikasutuse-veelgi-mugavamaks#primaryimage\"},\"thumbnailUrl\":\"https:\\\/\\\/www.bisly.com\\\/wp-content\\\/uploads\\\/2023\\\/02\\\/bisly-kone-api-min.jpg\",\"articleSection\":[\"Partnerid\"],\"inLanguage\":\"et\"},{\"@type\":\"WebPage\",\"@id\":\"https:\\\/\\\/www.bisly.com\\\/et\\\/blog\\\/bisly-ja-kone-muudavad-liftikasutuse-veelgi-mugavamaks\",\"url\":\"https:\\\/\\\/www.bisly.com\\\/et\\\/blog\\\/bisly-ja-kone-muudavad-liftikasutuse-veelgi-mugavamaks\",\"name\":\"Bisly ja KONE muudavad liftikasutuse veelgi mugavamaks! - Bisly\",\"isPartOf\":{\"@id\":\"https:\\\/\\\/www.bisly.com\\\/et#website\"},\"primaryImageOfPage\":{\"@id\":\"https:\\\/\\\/www.bisly.com\\\/et\\\/blog\\\/bisly-ja-kone-muudavad-liftikasutuse-veelgi-mugavamaks#primaryimage\"},\"image\":{\"@id\":\"https:\\\/\\\/www.bisly.com\\\/et\\\/blog\\\/bisly-ja-kone-muudavad-liftikasutuse-veelgi-mugavamaks#primaryimage\"},\"thumbnailUrl\":\"https:\\\/\\\/www.bisly.com\\\/wp-content\\\/uploads\\\/2023\\\/02\\\/bisly-kone-api-min.jpg\",\"datePublished\":\"2023-02-15T06:15:00+00:00\",\"dateModified\":\"2024-11-01T11:07:21+00:00\",\"description\":\"Tallinnas toimus liftide ja eskalaatorite turuliidri KONE infop\u00e4ev \u201cFIB days\u201d, kus ettekande tegi Bisly CEO Siim Vips.\",\"breadcrumb\":{\"@id\":\"https:\\\/\\\/www.bisly.com\\\/et\\\/blog\\\/bisly-ja-kone-muudavad-liftikasutuse-veelgi-mugavamaks#breadcrumb\"},\"inLanguage\":\"et\",\"potentialAction\":[{\"@type\":\"ReadAction\",\"target\":[\"https:\\\/\\\/www.bisly.com\\\/et\\\/blog\\\/bisly-ja-kone-muudavad-liftikasutuse-veelgi-mugavamaks\"]}]},{\"@type\":\"ImageObject\",\"inLanguage\":\"et\",\"@id\":\"https:\\\/\\\/www.bisly.com\\\/et\\\/blog\\\/bisly-ja-kone-muudavad-liftikasutuse-veelgi-mugavamaks#primaryimage\",\"url\":\"https:\\\/\\\/www.bisly.com\\\/wp-content\\\/uploads\\\/2023\\\/02\\\/bisly-kone-api-min.jpg\",\"contentUrl\":\"https:\\\/\\\/www.bisly.com\\\/wp-content\\\/uploads\\\/2023\\\/02\\\/bisly-kone-api-min.jpg\",\"width\":1270,\"height\":720,\"caption\":\"Bisly KONE liftid\"},{\"@type\":\"BreadcrumbList\",\"@id\":\"https:\\\/\\\/www.bisly.com\\\/et\\\/blog\\\/bisly-ja-kone-muudavad-liftikasutuse-veelgi-mugavamaks#breadcrumb\",\"itemListElement\":[{\"@type\":\"ListItem\",\"position\":1,\"name\":\"Home\",\"item\":\"https:\\\/\\\/www.bisly.com\\\/et\"},{\"@type\":\"ListItem\",\"position\":2,\"name\":\"Bisly ja KONE muudavad liftikasutuse veelgi mugavamaks!\"}]},{\"@type\":\"WebSite\",\"@id\":\"https:\\\/\\\/www.bisly.com\\\/et#website\",\"url\":\"https:\\\/\\\/www.bisly.com\\\/et\",\"name\":\"Bisly\",\"description\":\"\",\"publisher\":{\"@id\":\"https:\\\/\\\/www.bisly.com\\\/et#organization\"},\"potentialAction\":[{\"@type\":\"SearchAction\",\"target\":{\"@type\":\"EntryPoint\",\"urlTemplate\":\"https:\\\/\\\/www.bisly.com\\\/et?s={search_term_string}\"},\"query-input\":{\"@type\":\"PropertyValueSpecification\",\"valueRequired\":true,\"valueName\":\"search_term_string\"}}],\"inLanguage\":\"et\"},{\"@type\":\"Organization\",\"@id\":\"https:\\\/\\\/www.bisly.com\\\/et#organization\",\"name\":\"Bisly\",\"url\":\"https:\\\/\\\/www.bisly.com\\\/et\",\"logo\":{\"@type\":\"ImageObject\",\"inLanguage\":\"et\",\"@id\":\"https:\\\/\\\/www.bisly.com\\\/et#\\\/schema\\\/logo\\\/image\\\/\",\"url\":\"https:\\\/\\\/www.bisly.com\\\/wp-content\\\/uploads\\\/2024\\\/09\\\/bisly-logo.svg\",\"contentUrl\":\"https:\\\/\\\/www.bisly.com\\\/wp-content\\\/uploads\\\/2024\\\/09\\\/bisly-logo.svg\",\"width\":120,\"height\":41,\"caption\":\"Bisly\"},\"image\":{\"@id\":\"https:\\\/\\\/www.bisly.com\\\/et#\\\/schema\\\/logo\\\/image\\\/\"},\"sameAs\":[\"https:\\\/\\\/www.facebook.com\\\/bisly.tech\\\/\",\"https:\\\/\\\/ee.linkedin.com\\\/company\\\/bislytech\"]},{\"@type\":\"Person\",\"@id\":\"https:\\\/\\\/www.bisly.com\\\/et#\\\/schema\\\/person\\\/1042d3440d161f43da004c5e84b531c0\",\"name\":\"Merilin\",\"image\":{\"@type\":\"ImageObject\",\"inLanguage\":\"et\",\"@id\":\"https:\\\/\\\/secure.gravatar.com\\\/avatar\\\/4d2befb103a9bb45630016e5387f84e97603a7eb8219694befcf90719be74638?s=96&d=mm&r=g\",\"url\":\"https:\\\/\\\/secure.gravatar.com\\\/avatar\\\/4d2befb103a9bb45630016e5387f84e97603a7eb8219694befcf90719be74638?s=96&d=mm&r=g\",\"contentUrl\":\"https:\\\/\\\/secure.gravatar.com\\\/avatar\\\/4d2befb103a9bb45630016e5387f84e97603a7eb8219694befcf90719be74638?s=96&d=mm&r=g\",\"caption\":\"Merilin\"}}]}<\/script>\n<!-- \/ Yoast SEO Premium plugin. -->","yoast_head_json":{"title":"Bisly ja KONE muudavad liftikasutuse veelgi mugavamaks! - Bisly","description":"Tallinnas toimus liftide ja eskalaatorite turuliidri KONE infop\u00e4ev \u201cFIB days\u201d, kus ettekande tegi Bisly CEO Siim Vips.","robots":{"index":"index","follow":"follow","max-snippet":"max-snippet:-1","max-image-preview":"max-image-preview:large","max-video-preview":"max-video-preview:-1"},"canonical":"https:\/\/www.bisly.com\/et\/blog\/bisly-ja-kone-muudavad-liftikasutuse-veelgi-mugavamaks","og_locale":"et_EE","og_type":"article","og_title":"Bisly ja KONE muudavad liftikasutuse veelgi mugavamaks!","og_description":"Tallinnas toimus liftide ja eskalaatorite turuliidri KONE infop\u00e4ev \u201cFIB days\u201d, kus ettekande tegi Bisly CEO Siim Vips.","og_url":"https:\/\/www.bisly.com\/et\/blog\/bisly-ja-kone-muudavad-liftikasutuse-veelgi-mugavamaks","og_site_name":"Bisly","article_publisher":"https:\/\/www.facebook.com\/bisly.tech\/","article_published_time":"2023-02-15T06:15:00+00:00","article_modified_time":"2024-11-01T11:07:21+00:00","og_image":[{"width":1270,"height":720,"url":"https:\/\/www.bisly.com\/wp-content\/uploads\/2023\/02\/bisly-kone-api-min.jpg","type":"image\/jpeg"}],"author":"Merilin","twitter_card":"summary_large_image","twitter_misc":{"Written by":"Merilin","Est. reading time":"2 minutit"},"schema":{"@context":"https:\/\/schema.org","@graph":[{"@type":"Article","@id":"https:\/\/www.bisly.com\/et\/blog\/bisly-ja-kone-muudavad-liftikasutuse-veelgi-mugavamaks#article","isPartOf":{"@id":"https:\/\/www.bisly.com\/et\/blog\/bisly-ja-kone-muudavad-liftikasutuse-veelgi-mugavamaks"},"author":{"name":"Merilin","@id":"https:\/\/www.bisly.com\/et#\/schema\/person\/1042d3440d161f43da004c5e84b531c0"},"headline":"Bisly ja KONE muudavad liftikasutuse veelgi mugavamaks!","datePublished":"2023-02-15T06:15:00+00:00","dateModified":"2024-11-01T11:07:21+00:00","mainEntityOfPage":{"@id":"https:\/\/www.bisly.com\/et\/blog\/bisly-ja-kone-muudavad-liftikasutuse-veelgi-mugavamaks"},"wordCount":196,"publisher":{"@id":"https:\/\/www.bisly.com\/et#organization"},"image":{"@id":"https:\/\/www.bisly.com\/et\/blog\/bisly-ja-kone-muudavad-liftikasutuse-veelgi-mugavamaks#primaryimage"},"thumbnailUrl":"https:\/\/www.bisly.com\/wp-content\/uploads\/2023\/02\/bisly-kone-api-min.jpg","articleSection":["Partnerid"],"inLanguage":"et"},{"@type":"WebPage","@id":"https:\/\/www.bisly.com\/et\/blog\/bisly-ja-kone-muudavad-liftikasutuse-veelgi-mugavamaks","url":"https:\/\/www.bisly.com\/et\/blog\/bisly-ja-kone-muudavad-liftikasutuse-veelgi-mugavamaks","name":"Bisly ja KONE muudavad liftikasutuse veelgi mugavamaks! - Bisly","isPartOf":{"@id":"https:\/\/www.bisly.com\/et#website"},"primaryImageOfPage":{"@id":"https:\/\/www.bisly.com\/et\/blog\/bisly-ja-kone-muudavad-liftikasutuse-veelgi-mugavamaks#primaryimage"},"image":{"@id":"https:\/\/www.bisly.com\/et\/blog\/bisly-ja-kone-muudavad-liftikasutuse-veelgi-mugavamaks#primaryimage"},"thumbnailUrl":"https:\/\/www.bisly.com\/wp-content\/uploads\/2023\/02\/bisly-kone-api-min.jpg","datePublished":"2023-02-15T06:15:00+00:00","dateModified":"2024-11-01T11:07:21+00:00","description":"Tallinnas toimus liftide ja eskalaatorite turuliidri KONE infop\u00e4ev \u201cFIB days\u201d, kus ettekande tegi Bisly CEO Siim Vips.","breadcrumb":{"@id":"https:\/\/www.bisly.com\/et\/blog\/bisly-ja-kone-muudavad-liftikasutuse-veelgi-mugavamaks#breadcrumb"},"inLanguage":"et","potentialAction":[{"@type":"ReadAction","target":["https:\/\/www.bisly.com\/et\/blog\/bisly-ja-kone-muudavad-liftikasutuse-veelgi-mugavamaks"]}]},{"@type":"ImageObject","inLanguage":"et","@id":"https:\/\/www.bisly.com\/et\/blog\/bisly-ja-kone-muudavad-liftikasutuse-veelgi-mugavamaks#primaryimage","url":"https:\/\/www.bisly.com\/wp-content\/uploads\/2023\/02\/bisly-kone-api-min.jpg","contentUrl":"https:\/\/www.bisly.com\/wp-content\/uploads\/2023\/02\/bisly-kone-api-min.jpg","width":1270,"height":720,"caption":"Bisly KONE liftid"},{"@type":"BreadcrumbList","@id":"https:\/\/www.bisly.com\/et\/blog\/bisly-ja-kone-muudavad-liftikasutuse-veelgi-mugavamaks#breadcrumb","itemListElement":[{"@type":"ListItem","position":1,"name":"Home","item":"https:\/\/www.bisly.com\/et"},{"@type":"ListItem","position":2,"name":"Bisly ja KONE muudavad liftikasutuse veelgi mugavamaks!"}]},{"@type":"WebSite","@id":"https:\/\/www.bisly.com\/et#website","url":"https:\/\/www.bisly.com\/et","name":"Bisly","description":"","publisher":{"@id":"https:\/\/www.bisly.com\/et#organization"},"potentialAction":[{"@type":"SearchAction","target":{"@type":"EntryPoint","urlTemplate":"https:\/\/www.bisly.com\/et?s={search_term_string}"},"query-input":{"@type":"PropertyValueSpecification","valueRequired":true,"valueName":"search_term_string"}}],"inLanguage":"et"},{"@type":"Organization","@id":"https:\/\/www.bisly.com\/et#organization","name":"Bisly","url":"https:\/\/www.bisly.com\/et","logo":{"@type":"ImageObject","inLanguage":"et","@id":"https:\/\/www.bisly.com\/et#\/schema\/logo\/image\/","url":"https:\/\/www.bisly.com\/wp-content\/uploads\/2024\/09\/bisly-logo.svg","contentUrl":"https:\/\/www.bisly.com\/wp-content\/uploads\/2024\/09\/bisly-logo.svg","width":120,"height":41,"caption":"Bisly"},"image":{"@id":"https:\/\/www.bisly.com\/et#\/schema\/logo\/image\/"},"sameAs":["https:\/\/www.facebook.com\/bisly.tech\/","https:\/\/ee.linkedin.com\/company\/bislytech"]},{"@type":"Person","@id":"https:\/\/www.bisly.com\/et#\/schema\/person\/1042d3440d161f43da004c5e84b531c0","name":"Merilin","image":{"@type":"ImageObject","inLanguage":"et","@id":"https:\/\/secure.gravatar.com\/avatar\/4d2befb103a9bb45630016e5387f84e97603a7eb8219694befcf90719be74638?s=96&d=mm&r=g","url":"https:\/\/secure.gravatar.com\/avatar\/4d2befb103a9bb45630016e5387f84e97603a7eb8219694befcf90719be74638?s=96&d=mm&r=g","contentUrl":"https:\/\/secure.gravatar.com\/avatar\/4d2befb103a9bb45630016e5387f84e97603a7eb8219694befcf90719be74638?s=96&d=mm&r=g","caption":"Merilin"}}]}},"_links":{"self":[{"href":"https:\/\/www.bisly.com\/et\/wp-json\/wp\/v2\/posts\/2482","targetHints":{"allow":["GET"]}}],"collection":[{"href":"https:\/\/www.bisly.com\/et\/wp-json\/wp\/v2\/posts"}],"about":[{"href":"https:\/\/www.bisly.com\/et\/wp-json\/wp\/v2\/types\/post"}],"author":[{"embeddable":true,"href":"https:\/\/www.bisly.com\/et\/wp-json\/wp\/v2\/users\/13"}],"replies":[{"embeddable":true,"href":"https:\/\/www.bisly.com\/et\/wp-json\/wp\/v2\/comments?post=2482"}],"version-history":[{"count":1,"href":"https:\/\/www.bisly.com\/et\/wp-json\/wp\/v2\/posts\/2482\/revisions"}],"predecessor-version":[{"id":4135,"href":"https:\/\/www.bisly.com\/et\/wp-json\/wp\/v2\/posts\/2482\/revisions\/4135"}],"wp:featuredmedia":[{"embeddable":true,"href":"https:\/\/www.bisly.com\/et\/wp-json\/wp\/v2\/media\/2491"}],"wp:attachment":[{"href":"https:\/\/www.bisly.com\/et\/wp-json\/wp\/v2\/media?parent=2482"}],"wp:term":[{"taxonomy":"category","embeddable":true,"href":"https:\/\/www.bisly.com\/et\/wp-json\/wp\/v2\/categories?post=2482"},{"taxonomy":"post_tag","embeddable":true,"href":"https:\/\/www.bisly.com\/et\/wp-json\/wp\/v2\/tags?post=2482"}],"curies":[{"name":"wp","href":"https:\/\/api.w.org\/{rel}","templated":true}]}}