{"id":7050,"date":"2024-10-31T11:00:47","date_gmt":"2024-10-31T10:00:47","guid":{"rendered":"https:\/\/www.bisly.com\/?p=7050"},"modified":"2025-08-07T11:40:52","modified_gmt":"2025-08-07T10:40:52","slug":"inspireerituna-innovatsioonist-bisly-tervitab-uut-arijuhti","status":"publish","type":"post","link":"https:\/\/www.bisly.com\/et\/blog\/inspireerituna-innovatsioonist-bisly-tervitab-uut-arijuhti","title":{"rendered":"Inspireerituna innovatsioonist: Bisly tervitab uut \u00e4rijuhti\u00a0"},"content":{"rendered":"\n<p>Viimaste aastak\u00fcmnete tugev fookus j\u00e4tkusuutlikuma ja keskkonnas\u00f5bralikuma kinnisvaraturu loomisele on sillutanud teed nutikate hooneautomaatika lahenduste kiirele arendamisele mitte ainult Euroopas, vaid kogu maailmas. \u00dcheks olulisimaks aspektiks muutuva turuga sammu pidamisel ja oma toote t\u00e4iendamisel peame innovaatiliste ja tulevikule suunatud m\u00f5tlemisega inimeste kaasamist.&nbsp;<\/p>\n\n\n\n<p>Seet\u00f5ttu on Bislyl \u00e4\u00e4rmiselt hea meel jagada, et eelmisel n\u00e4dalal liitus meie meeskonnaga meie uus \u00e4rijuht <a href=\"https:\/\/www.linkedin.com\/in\/eric-haitjema-0a55319\/\" target=\"_blank\" rel=\"noreferrer noopener\">Eric Haitjema<\/a>. Ericu n\u00e4ol on tegemist juba pikalt oodatud t\u00e4iendusega, kuna ta toob endaga kaasa aastak\u00fcmnete pikkuse kogemuse nii m\u00fc\u00fcgi, kontohalduse kui \u00e4riarenduse vallas.&nbsp;&nbsp;&nbsp;<\/p>\n\n\n\n<p>Kuigi Ericu juured on Hollandis, on ta t\u00f6\u00f6tanud pea igas maailmanurgas, omandades kogemusi lugematutel aladel, turgudel, t\u00f6\u00f6stustes ja rollides. Ta suhtub v\u00e4ljakutsetesse kui arenguv\u00f5imalustesse ja ei karda ka suurimate raskustega rinda pista. Eric teab, kuidas meeskondi eduni juhtida ja usub, et \u00fcletamatuid takistusi ei ole olemas.&nbsp;&nbsp;<\/p>\n\n\n\n<p>Eelmisel n\u00e4dalal tekkis meil v\u00f5imalus Ericuga maha istuda ja veidi rohkem tema tausta ja kogemuste kohta uurida.&nbsp;&nbsp;&nbsp;<\/p>\n\n\n\n<figure class=\"wp-block-image size-full\"><img loading=\"lazy\" decoding=\"async\" width=\"1920\" height=\"1238\" src=\"https:\/\/www.bisly.com\/wp-content\/uploads\/2024\/10\/Eric-Haitjema-1.jpg\" alt=\"bisly tervitab uut \u00e4rijuhti\tEric Haitjema\" class=\"wp-image-7044\" srcset=\"https:\/\/www.bisly.com\/wp-content\/uploads\/2024\/10\/Eric-Haitjema-1.jpg 1920w, https:\/\/www.bisly.com\/wp-content\/uploads\/2024\/10\/Eric-Haitjema-1-1536x990.jpg 1536w\" sizes=\"auto, (max-width: 1920px) 100vw, 1920px\" \/><\/figure>\n\n\n\n<h2 class=\"wp-block-heading\" id=\"h-1-raagi-meile-veidi-endast-nbsp\"><strong>1. R\u00e4\u00e4gi meile veidi endast.<\/strong>&nbsp;<\/h2>\n\n\n\n<p>\u00dclikooli l\u00f5petasin ma elektriinseneri kraadiga. Sellest ajast on mu karj\u00e4\u00e4r sisaldanud ettev\u00f5tete p\u00fcsti panemist ja kasvatamist ning edukate m\u00fc\u00fcgitiimide palkamist, v\u00e4lja \u00f5petamist ja v\u00f5itudeni juhtimist. Ma olen enesekindel ja empaatiline juht ja oman enam kui 25-aastast kogemust kontohalduse, m\u00fc\u00fcgi ja \u00e4ri arendamise vallas.&nbsp;&nbsp;<\/p>\n\n\n\n<p>Ma usun, et inimesi on parim julgustada usalduse ja v\u00f5imaluste andmise kaudu, luues samas keskkonna, kus iga\u00fcks vastutab ise oma tulemuste ja saavutuste eest. Mulle meeldib eesm\u00e4rkide t\u00e4itmisel traditsioonilisi l\u00e4henemisviise proovile panna, tagades samas, et asjad saavad tehtud \u00f5igesti juba esimesel katsel. Ma olen v\u00f5istlushimuline ja \u00e4\u00e4rmiselt kirglik selliste meeskondade loomise osas, kus iga l\u00fcli saab k\u00fcll iseseisvalt hakkama, kuid k\u00f5ik tiimiliikmed t\u00f6\u00f6tavad ikkagi \u00fchise eesm\u00e4rgi suunas.&nbsp;&nbsp;&nbsp;<\/p>\n\n\n\n<h2 class=\"wp-block-heading\" id=\"h-2-millisena-sa-enda-rolli-bislys-naed-ja-kus-on-sinu-pohifookus-nbsp\"><strong>2. Millisena sa enda rolli Bislys n\u00e4ed ja kus on sinu p\u00f5hifookus?<\/strong>&nbsp;<\/h2>\n\n\n\n<p>Bisly \u00e4rijuhina n\u00e4en oma rolli eelk\u00f5ige ettev\u00f5tte \u00e4ristrateegia ja kasvu juhtimisel. Oma p\u00f5hilise fookuse plaanin suunata Bisly m\u00f5ju laiendamisele Saksamaal ja \u00dchendkuningriigis, tugevdades samas suhteid meie olemasolevate klientidega Baltikumis ja P\u00f5hjamaades. Usun et mu ehitusalane taust ja kogemus edukate meeskondade juhtimisel aitab mul koost\u00f6\u00f6s m\u00fc\u00fcgi-, turundus- ja tootetiimidega luua julgustava ja motiveeriva keskkonna.&nbsp;&nbsp;<\/p>\n\n\n\n<p>Mu eesm\u00e4rgiks on tagada, et Bisly toob turule j\u00e4rjest enam innovaatilisi ja turgumuutvaid lahendusi, aidates seel\u00e4bi ettev\u00f5ttel nutikate hoonete ja automaatikate turul juhiroll v\u00f5tta. Oma l\u00f5ppeesm\u00e4rgiks pean j\u00e4tkusuutliku arengu suunamist ja seda, et aitan Bislyl saavutada \u00fclemaailmse tuntuse usaldusv\u00e4\u00e4rse ja soodsa kasutajas\u00f5bralike automaatikalahenduste pakkujana kinnisvara valdkonnas.&nbsp;&nbsp;<\/p>\n\n\n\n<figure class=\"wp-block-pullquote\"><blockquote><p>Mu eesm\u00e4rgiks on tagada, et Bisly toob turule j\u00e4rjest enam innovaatilisi ja turgumuutvaid lahendusi, aidates seel\u00e4bi ettev\u00f5ttel nutikate hoonete ja automaatikate turul juhiroll v\u00f5tta<\/p><cite>Eric Haitjema<\/cite><\/blockquote><\/figure>\n\n\n\n<h2 class=\"wp-block-heading\" id=\"h-3-mis-sulle-bislys-tootamise-juures-koige-ponevam-tundub-nbsp\"><strong>3. Mis sulle Bislys t\u00f6\u00f6tamise juures k\u00f5ige p\u00f5nevam tundub?<\/strong>&nbsp;<\/h2>\n\n\n\n<p>Minu jaoks on k\u00f5ige p\u00f5nevam aspekt kindlasti see, et saan astuda juhirolli nii kiiresti arenevas t\u00f6\u00f6stuses. Bisly p\u00fchendumine uuenduslike lahenduste pakkumisele kattub ideaalselt minu isikliku kirega s\u00fcgava ja p\u00fcsiva muutuse loomise vastu. Modernsete lahenduste kombineerimine j\u00e4tkusuutlikkusega on loonud p\u00f5neva v\u00e4ljakutse, millega silmitsi seismist suure huviga ootan!&nbsp;&nbsp;<\/p>\n\n\n\n<p>Olen kindel, et Bisly noorusliku ja andeka meeskonnaga t\u00f6\u00f6tamine saab olema v\u00e4ga inspireeriv ja usun, et \u00fchiselt suudame ehituse valdkonnas kujundada nutikama ja j\u00e4tkusuutlikuma tuleviku. Lisaks hindan k\u00f5rgelt oma karj\u00e4\u00e4ri algusaastaid Eestis ja Baltimaades ja imetlen t\u00f5eliselt Bisly kodulinna Tallinna ilu ja keskaegset maagiat.&nbsp;&nbsp;<\/p>\n\n\n\n<h2 class=\"wp-block-heading\" id=\"h-4-kuidas-plaanid-bisly-muuke-tosta-nbsp\"><strong>4. Kuidas plaanid Bisly m\u00fc\u00fcke t\u00f5sta?<\/strong>&nbsp;<\/h2>\n\n\n\n<p>Mu p\u00f5hifookus saab olema uute \u00e4riv\u00f5imaluste tuvastamisel Eestis ja naaberriikides, pannes erilise r\u00f5hu L\u00e4\u00e4ne-Euroopa turule laienemisele. Ma plaanin luua tugeva ja usaldava suhte nii l\u00f5ppkasutajate, s\u00fcsteemi integreerijate kui teiste tehnoloogiavalla tegijatega, tagades, et suudame nende muutuvatele n\u00f5udmistele vastata.&nbsp;&nbsp;<\/p>\n\n\n\n<p>Lisaks tahan kindlasti uute turgude ja t\u00f6\u00f6stuste avastamise kaudu ka meie kliendibaasi kasvatada. Usun, et erinevate tegevuste ja vastutuse delegeerimise abil suudan luua meeskonna, mis tegutseb kiiresti ja ei lase \u00fchtegi head v\u00f5imalust m\u00f6\u00f6da.&nbsp;&nbsp;<\/p>\n\n\n\n<h2 class=\"wp-block-heading\" id=\"h-5-mille-poolest-see-roll-sinu-varasematest-erineb-nbsp\"><strong>5. Mille poolest see roll sinu varasematest erineb?<\/strong>&nbsp;<\/h2>\n\n\n\n<p>Bisly teeb oman\u00e4oliseks see, et nad on kombineerinud uuendusliku tehnoloogia j\u00e4tkusuutliku l\u00e4henemisega. Mulle meeldib nende moto, et targalt ehitamine tagab lihtsama halduse. Varasemalt keskendusin ettev\u00f5tete kasvatamisele, aga Bislyga kaasneb hoopis teistsugune missioon: luua nutikamaid ja j\u00e4tkusuutlikumaid keskkondi. Just see j\u00e4tkusuutlik l\u00e4henemine lisab minu \u00e4rilisele tegevusele uue ja p\u00f5neva kihi. Lisaks annab see mulle v\u00f5imaluse teha oma osa nii \u00e4ris kui keskkonna heaks.\u00a0\u00a0<\/p>\n\n\n\n<p>Tiimi juhtimine keskkonnas, kus innovatsioon kohtub vastutusega, on p\u00f5nev v\u00f5imalus. \u00d5nneks ka sedasorti, mis minu isiklike vaadete ja v\u00e4\u00e4rtustega ilusti haakub.\u00a0<\/p>\n\n\n\n<h2 class=\"wp-block-heading\" id=\"h-6-millises-aspektis-naed-bislyl-koige-suuremat-mojuvoimu-nbsp\"><strong>6. Millises aspektis n\u00e4ed Bislyl k\u00f5ige suuremat m\u00f5juv\u00f5imu?<\/strong>&nbsp;<\/h2>\n\n\n\n<p>Usun, et <a href=\"https:\/\/www.bisly.com\/et\">Bisly<\/a> m\u00f5juv\u00f5im peitub eelk\u00f5ige selle kasutajas\u00f5bralikes toodetes, suures kasvupotentsiaalis ja avatud s\u00fcsteemiga struktuuris. See suudab intelligentse hoone automaatika turul suuri laineid l\u00fc\u00fca. K\u00f5igi aspektide lihtsustamine ei ole just kerge v\u00e4ljakutse, kuid kui see \u00f5nnestub, on l\u00f5pptulemuseks m\u00e4rkimisv\u00e4\u00e4rne kulude kokkuhoid ja k\u00f5igi osapoolte edu.\u00a0\u00a0<\/p>\n\n\n\n<p>Kuna \u00fclemaailmne fookus on hetkel j\u00e4tkusuutlikkusel ja energiat\u00f5hususel, pakuvad Bisly uuenduslikud lahendused nendele v\u00e4ljakutsetele ideaalseid skaleeritavaid ja praktilisi vastuseid. Bisly unikaalsed tooted optimeerivad hoonehalduss\u00fcsteeme, v\u00e4hendavad energiatarbimist ja parandavad hoonete \u00fcldist funktsionaalsust, aidates nii Bislyl valdkonna liidriks saada. V\u00f5ttes arvesse nii operatsioonilisi vajadusi kui pikaajalisi keskkonnaeesm\u00e4rke, on Bislyl kogu potentsiaal, et muuta iganenud arusaamu hoonete toimimisest ja panustada j\u00e4tkusuutlikumasse tulevikku.&nbsp;<\/p>\n\n\n\n<h2 class=\"wp-block-heading\" id=\"h-7-milliseid-kasvuvoimalusi-naed-bislyle-nii-eestis-kui-kaugemal-nbsp\"><strong>7. Milliseid kasvuv\u00f5imalusi n\u00e4ed Bislyle nii Eestis kui kaugemal?<\/strong>&nbsp;<\/h2>\n\n\n\n<p>Ajalugu on n\u00e4idanud, et Eesti on suurep\u00e4rane kasvupinnas start-upide ja innovaatiliste ettev\u00f5tete jaoks. Riigi tugev fookus digitaliseerimisele ja uuendustele on loonud Bisly jaoks ideaalse keskkonna, kus intelligentsete hoonete valdkonnas liidriroll haarata. Lisaks on Eesti n\u00e4ol tegemist v\u00e4ga hea piirkonnaga, kus meie tooteid testida ja uute turgude jaoks ette valmistada.&nbsp;&nbsp;<\/p>\n\n\n\n<p>Peale Eesti n\u00e4en suurt potentsiaali Skandinaavias, Suurbritannias ja Iirimaal, Saksamaal ja Beneluxi riikides, kus j\u00e4tkusuutlikkus ja energiat\u00f5husus on prioriteetsed. Ning on ka Kesk- ja L\u00f5una-Euroopas h\u00e4id laienemisv\u00f5imalusi, kuna infrastruktuuri v\u00e4ljaarendamine on t\u00e4ies hoos ja n\u00f5udlus nutikate ja j\u00e4tkusuutlikute ehituslahenduste vastu suur. Ootan juba p\u00f5nevusega, et k\u00f5iki neid v\u00f5imalusi \u00e4ra kasutada ja aidata Bislyl uutele turgudele laieneda.\u00a0\u00a0<\/p>\n\n\n\n<figure class=\"wp-block-pullquote\"><blockquote><p>Bisly unikaalsed tooted optimeerivad hoonehalduss\u00fcsteeme, v\u00e4hendavad energiatarbimist ja parandavad hoonete \u00fcldist funktsionaalsust, aidates nii Bislyl valdkonna liidriks saada<\/p><cite>Eric Haitjema<\/cite><\/blockquote><\/figure>\n","protected":false},"excerpt":{"rendered":"<p>Viimaste aastak\u00fcmnete tugev fookus j\u00e4tkusuutlikuma ja keskkonnas\u00f5bralikuma kinnisvaraturu loomisele on sillutanud teed nutikate hooneautomaatika lahenduste kiirele arendamisele mitte ainult Euroopas, vaid kogu maailmas. \u00dcheks olulisimaks aspektiks muutuva turuga sammu pidamisel ja oma toote t\u00e4iendamisel peame innovaatiliste ja tulevikule suunatud m\u00f5tlemisega inimeste kaasamist.&nbsp; Seet\u00f5ttu on Bislyl \u00e4\u00e4rmiselt hea meel jagada, et eelmisel n\u00e4dalal liitus meie meeskonnaga&#8230;  <a class=\"excerpt-read-more\" href=\"https:\/\/www.bisly.com\/et\/blog\/inspireerituna-innovatsioonist-bisly-tervitab-uut-arijuhti\" title=\"Read Inspireerituna innovatsioonist: Bisly tervitab uut \u00e4rijuhti\u00a0\">Read more &raquo;<\/a><\/p>\n","protected":false},"author":13,"featured_media":7777,"comment_status":"closed","ping_status":"closed","sticky":false,"template":"","format":"standard","meta":{"_acf_changed":false,"footnotes":""},"categories":[43],"tags":[],"class_list":["post-7050","post","type-post","status-publish","format-standard","has-post-thumbnail","hentry","category-bisly-meeskond"],"acf":[],"yoast_head":"<!-- This site is optimized with the Yoast SEO Premium plugin v23.5 (Yoast SEO v27.5) - https:\/\/yoast.com\/product\/yoast-seo-premium-wordpress\/ -->\n<title>Inspireerituna innovatsioonist: Bisly tervitab uut \u00e4rijuhti\u00a0 - Bisly<\/title>\n<meta name=\"description\" content=\"Bislyl \u00e4\u00e4rmiselt hea meel jagada, et eelmisel n\u00e4dalal liitus meie meeskonnaga meie uus \u00e4rijuht Eric Haitjema\" \/>\n<meta name=\"robots\" content=\"index, follow, max-snippet:-1, max-image-preview:large, max-video-preview:-1\" \/>\n<link rel=\"canonical\" href=\"https:\/\/www.bisly.com\/et\/blog\/inspireerituna-innovatsioonist-bisly-tervitab-uut-arijuhti\" \/>\n<meta property=\"og:locale\" content=\"et_EE\" \/>\n<meta property=\"og:type\" content=\"article\" \/>\n<meta property=\"og:title\" content=\"Inspireerituna innovatsioonist: Bisly tervitab uut \u00e4rijuhti\u00a0\" \/>\n<meta property=\"og:description\" content=\"Bislyl \u00e4\u00e4rmiselt hea meel jagada, et eelmisel n\u00e4dalal liitus meie meeskonnaga meie uus \u00e4rijuht Eric Haitjema\" \/>\n<meta property=\"og:url\" content=\"https:\/\/www.bisly.com\/et\/blog\/inspireerituna-innovatsioonist-bisly-tervitab-uut-arijuhti\" \/>\n<meta property=\"og:site_name\" content=\"Bisly\" \/>\n<meta property=\"article:publisher\" content=\"https:\/\/www.facebook.com\/bisly.tech\/\" \/>\n<meta property=\"article:published_time\" content=\"2024-10-31T10:00:47+00:00\" \/>\n<meta property=\"article:modified_time\" content=\"2025-08-07T10:40:52+00:00\" \/>\n<meta property=\"og:image\" content=\"https:\/\/www.bisly.com\/wp-content\/uploads\/2024\/10\/Bisly-people-photos-with-bg-scaled.jpg\" \/>\n\t<meta property=\"og:image:width\" content=\"2560\" \/>\n\t<meta property=\"og:image:height\" content=\"1707\" \/>\n\t<meta property=\"og:image:type\" content=\"image\/jpeg\" \/>\n<meta name=\"author\" content=\"Merilin\" \/>\n<meta name=\"twitter:card\" content=\"summary_large_image\" \/>\n<meta name=\"twitter:label1\" content=\"Written by\" \/>\n\t<meta name=\"twitter:data1\" content=\"Merilin\" \/>\n\t<meta name=\"twitter:label2\" content=\"Est. reading time\" \/>\n\t<meta name=\"twitter:data2\" content=\"1 minut\" \/>\n<script type=\"application\/ld+json\" class=\"yoast-schema-graph\">{\"@context\":\"https:\\\/\\\/schema.org\",\"@graph\":[{\"@type\":\"Article\",\"@id\":\"https:\\\/\\\/www.bisly.com\\\/et\\\/blog\\\/inspireerituna-innovatsioonist-bisly-tervitab-uut-arijuhti#article\",\"isPartOf\":{\"@id\":\"https:\\\/\\\/www.bisly.com\\\/et\\\/blog\\\/inspireerituna-innovatsioonist-bisly-tervitab-uut-arijuhti\"},\"author\":{\"name\":\"Merilin\",\"@id\":\"https:\\\/\\\/www.bisly.com\\\/et#\\\/schema\\\/person\\\/1042d3440d161f43da004c5e84b531c0\"},\"headline\":\"Inspireerituna innovatsioonist: Bisly tervitab uut \u00e4rijuhti\u00a0\",\"datePublished\":\"2024-10-31T10:00:47+00:00\",\"dateModified\":\"2025-08-07T10:40:52+00:00\",\"mainEntityOfPage\":{\"@id\":\"https:\\\/\\\/www.bisly.com\\\/et\\\/blog\\\/inspireerituna-innovatsioonist-bisly-tervitab-uut-arijuhti\"},\"wordCount\":1096,\"publisher\":{\"@id\":\"https:\\\/\\\/www.bisly.com\\\/et#organization\"},\"image\":{\"@id\":\"https:\\\/\\\/www.bisly.com\\\/et\\\/blog\\\/inspireerituna-innovatsioonist-bisly-tervitab-uut-arijuhti#primaryimage\"},\"thumbnailUrl\":\"https:\\\/\\\/www.bisly.com\\\/wp-content\\\/uploads\\\/2024\\\/10\\\/Bisly-people-photos-with-bg-scaled.jpg\",\"articleSection\":[\"Bisly meeskond\"],\"inLanguage\":\"et\"},{\"@type\":\"WebPage\",\"@id\":\"https:\\\/\\\/www.bisly.com\\\/et\\\/blog\\\/inspireerituna-innovatsioonist-bisly-tervitab-uut-arijuhti\",\"url\":\"https:\\\/\\\/www.bisly.com\\\/et\\\/blog\\\/inspireerituna-innovatsioonist-bisly-tervitab-uut-arijuhti\",\"name\":\"Inspireerituna innovatsioonist: Bisly tervitab uut \u00e4rijuhti\u00a0 - Bisly\",\"isPartOf\":{\"@id\":\"https:\\\/\\\/www.bisly.com\\\/et#website\"},\"primaryImageOfPage\":{\"@id\":\"https:\\\/\\\/www.bisly.com\\\/et\\\/blog\\\/inspireerituna-innovatsioonist-bisly-tervitab-uut-arijuhti#primaryimage\"},\"image\":{\"@id\":\"https:\\\/\\\/www.bisly.com\\\/et\\\/blog\\\/inspireerituna-innovatsioonist-bisly-tervitab-uut-arijuhti#primaryimage\"},\"thumbnailUrl\":\"https:\\\/\\\/www.bisly.com\\\/wp-content\\\/uploads\\\/2024\\\/10\\\/Bisly-people-photos-with-bg-scaled.jpg\",\"datePublished\":\"2024-10-31T10:00:47+00:00\",\"dateModified\":\"2025-08-07T10:40:52+00:00\",\"description\":\"Bislyl \u00e4\u00e4rmiselt hea meel jagada, et eelmisel n\u00e4dalal liitus meie meeskonnaga meie uus \u00e4rijuht Eric Haitjema\",\"breadcrumb\":{\"@id\":\"https:\\\/\\\/www.bisly.com\\\/et\\\/blog\\\/inspireerituna-innovatsioonist-bisly-tervitab-uut-arijuhti#breadcrumb\"},\"inLanguage\":\"et\",\"potentialAction\":[{\"@type\":\"ReadAction\",\"target\":[\"https:\\\/\\\/www.bisly.com\\\/et\\\/blog\\\/inspireerituna-innovatsioonist-bisly-tervitab-uut-arijuhti\"]}]},{\"@type\":\"ImageObject\",\"inLanguage\":\"et\",\"@id\":\"https:\\\/\\\/www.bisly.com\\\/et\\\/blog\\\/inspireerituna-innovatsioonist-bisly-tervitab-uut-arijuhti#primaryimage\",\"url\":\"https:\\\/\\\/www.bisly.com\\\/wp-content\\\/uploads\\\/2024\\\/10\\\/Bisly-people-photos-with-bg-scaled.jpg\",\"contentUrl\":\"https:\\\/\\\/www.bisly.com\\\/wp-content\\\/uploads\\\/2024\\\/10\\\/Bisly-people-photos-with-bg-scaled.jpg\",\"width\":2560,\"height\":1707,\"caption\":\"Eric Haitjema from Schneider Electric\"},{\"@type\":\"BreadcrumbList\",\"@id\":\"https:\\\/\\\/www.bisly.com\\\/et\\\/blog\\\/inspireerituna-innovatsioonist-bisly-tervitab-uut-arijuhti#breadcrumb\",\"itemListElement\":[{\"@type\":\"ListItem\",\"position\":1,\"name\":\"Home\",\"item\":\"https:\\\/\\\/www.bisly.com\\\/et\"},{\"@type\":\"ListItem\",\"position\":2,\"name\":\"Inspireerituna innovatsioonist: Bisly tervitab uut \u00e4rijuhti\u00a0\"}]},{\"@type\":\"WebSite\",\"@id\":\"https:\\\/\\\/www.bisly.com\\\/et#website\",\"url\":\"https:\\\/\\\/www.bisly.com\\\/et\",\"name\":\"Bisly\",\"description\":\"\",\"publisher\":{\"@id\":\"https:\\\/\\\/www.bisly.com\\\/et#organization\"},\"potentialAction\":[{\"@type\":\"SearchAction\",\"target\":{\"@type\":\"EntryPoint\",\"urlTemplate\":\"https:\\\/\\\/www.bisly.com\\\/et?s={search_term_string}\"},\"query-input\":{\"@type\":\"PropertyValueSpecification\",\"valueRequired\":true,\"valueName\":\"search_term_string\"}}],\"inLanguage\":\"et\"},{\"@type\":\"Organization\",\"@id\":\"https:\\\/\\\/www.bisly.com\\\/et#organization\",\"name\":\"Bisly\",\"url\":\"https:\\\/\\\/www.bisly.com\\\/et\",\"logo\":{\"@type\":\"ImageObject\",\"inLanguage\":\"et\",\"@id\":\"https:\\\/\\\/www.bisly.com\\\/et#\\\/schema\\\/logo\\\/image\\\/\",\"url\":\"https:\\\/\\\/www.bisly.com\\\/wp-content\\\/uploads\\\/2024\\\/09\\\/bisly-logo.svg\",\"contentUrl\":\"https:\\\/\\\/www.bisly.com\\\/wp-content\\\/uploads\\\/2024\\\/09\\\/bisly-logo.svg\",\"width\":120,\"height\":41,\"caption\":\"Bisly\"},\"image\":{\"@id\":\"https:\\\/\\\/www.bisly.com\\\/et#\\\/schema\\\/logo\\\/image\\\/\"},\"sameAs\":[\"https:\\\/\\\/www.facebook.com\\\/bisly.tech\\\/\",\"https:\\\/\\\/ee.linkedin.com\\\/company\\\/bislytech\"]},{\"@type\":\"Person\",\"@id\":\"https:\\\/\\\/www.bisly.com\\\/et#\\\/schema\\\/person\\\/1042d3440d161f43da004c5e84b531c0\",\"name\":\"Merilin\",\"image\":{\"@type\":\"ImageObject\",\"inLanguage\":\"et\",\"@id\":\"https:\\\/\\\/secure.gravatar.com\\\/avatar\\\/4d2befb103a9bb45630016e5387f84e97603a7eb8219694befcf90719be74638?s=96&d=mm&r=g\",\"url\":\"https:\\\/\\\/secure.gravatar.com\\\/avatar\\\/4d2befb103a9bb45630016e5387f84e97603a7eb8219694befcf90719be74638?s=96&d=mm&r=g\",\"contentUrl\":\"https:\\\/\\\/secure.gravatar.com\\\/avatar\\\/4d2befb103a9bb45630016e5387f84e97603a7eb8219694befcf90719be74638?s=96&d=mm&r=g\",\"caption\":\"Merilin\"}}]}<\/script>\n<!-- \/ Yoast SEO Premium plugin. -->","yoast_head_json":{"title":"Inspireerituna innovatsioonist: Bisly tervitab uut \u00e4rijuhti\u00a0 - Bisly","description":"Bislyl \u00e4\u00e4rmiselt hea meel jagada, et eelmisel n\u00e4dalal liitus meie meeskonnaga meie uus \u00e4rijuht Eric Haitjema","robots":{"index":"index","follow":"follow","max-snippet":"max-snippet:-1","max-image-preview":"max-image-preview:large","max-video-preview":"max-video-preview:-1"},"canonical":"https:\/\/www.bisly.com\/et\/blog\/inspireerituna-innovatsioonist-bisly-tervitab-uut-arijuhti","og_locale":"et_EE","og_type":"article","og_title":"Inspireerituna innovatsioonist: Bisly tervitab uut \u00e4rijuhti\u00a0","og_description":"Bislyl \u00e4\u00e4rmiselt hea meel jagada, et eelmisel n\u00e4dalal liitus meie meeskonnaga meie uus \u00e4rijuht Eric Haitjema","og_url":"https:\/\/www.bisly.com\/et\/blog\/inspireerituna-innovatsioonist-bisly-tervitab-uut-arijuhti","og_site_name":"Bisly","article_publisher":"https:\/\/www.facebook.com\/bisly.tech\/","article_published_time":"2024-10-31T10:00:47+00:00","article_modified_time":"2025-08-07T10:40:52+00:00","og_image":[{"width":2560,"height":1707,"url":"https:\/\/www.bisly.com\/wp-content\/uploads\/2024\/10\/Bisly-people-photos-with-bg-scaled.jpg","type":"image\/jpeg"}],"author":"Merilin","twitter_card":"summary_large_image","twitter_misc":{"Written by":"Merilin","Est. reading time":"1 minut"},"schema":{"@context":"https:\/\/schema.org","@graph":[{"@type":"Article","@id":"https:\/\/www.bisly.com\/et\/blog\/inspireerituna-innovatsioonist-bisly-tervitab-uut-arijuhti#article","isPartOf":{"@id":"https:\/\/www.bisly.com\/et\/blog\/inspireerituna-innovatsioonist-bisly-tervitab-uut-arijuhti"},"author":{"name":"Merilin","@id":"https:\/\/www.bisly.com\/et#\/schema\/person\/1042d3440d161f43da004c5e84b531c0"},"headline":"Inspireerituna innovatsioonist: Bisly tervitab uut \u00e4rijuhti\u00a0","datePublished":"2024-10-31T10:00:47+00:00","dateModified":"2025-08-07T10:40:52+00:00","mainEntityOfPage":{"@id":"https:\/\/www.bisly.com\/et\/blog\/inspireerituna-innovatsioonist-bisly-tervitab-uut-arijuhti"},"wordCount":1096,"publisher":{"@id":"https:\/\/www.bisly.com\/et#organization"},"image":{"@id":"https:\/\/www.bisly.com\/et\/blog\/inspireerituna-innovatsioonist-bisly-tervitab-uut-arijuhti#primaryimage"},"thumbnailUrl":"https:\/\/www.bisly.com\/wp-content\/uploads\/2024\/10\/Bisly-people-photos-with-bg-scaled.jpg","articleSection":["Bisly meeskond"],"inLanguage":"et"},{"@type":"WebPage","@id":"https:\/\/www.bisly.com\/et\/blog\/inspireerituna-innovatsioonist-bisly-tervitab-uut-arijuhti","url":"https:\/\/www.bisly.com\/et\/blog\/inspireerituna-innovatsioonist-bisly-tervitab-uut-arijuhti","name":"Inspireerituna innovatsioonist: Bisly tervitab uut \u00e4rijuhti\u00a0 - Bisly","isPartOf":{"@id":"https:\/\/www.bisly.com\/et#website"},"primaryImageOfPage":{"@id":"https:\/\/www.bisly.com\/et\/blog\/inspireerituna-innovatsioonist-bisly-tervitab-uut-arijuhti#primaryimage"},"image":{"@id":"https:\/\/www.bisly.com\/et\/blog\/inspireerituna-innovatsioonist-bisly-tervitab-uut-arijuhti#primaryimage"},"thumbnailUrl":"https:\/\/www.bisly.com\/wp-content\/uploads\/2024\/10\/Bisly-people-photos-with-bg-scaled.jpg","datePublished":"2024-10-31T10:00:47+00:00","dateModified":"2025-08-07T10:40:52+00:00","description":"Bislyl \u00e4\u00e4rmiselt hea meel jagada, et eelmisel n\u00e4dalal liitus meie meeskonnaga meie uus \u00e4rijuht Eric Haitjema","breadcrumb":{"@id":"https:\/\/www.bisly.com\/et\/blog\/inspireerituna-innovatsioonist-bisly-tervitab-uut-arijuhti#breadcrumb"},"inLanguage":"et","potentialAction":[{"@type":"ReadAction","target":["https:\/\/www.bisly.com\/et\/blog\/inspireerituna-innovatsioonist-bisly-tervitab-uut-arijuhti"]}]},{"@type":"ImageObject","inLanguage":"et","@id":"https:\/\/www.bisly.com\/et\/blog\/inspireerituna-innovatsioonist-bisly-tervitab-uut-arijuhti#primaryimage","url":"https:\/\/www.bisly.com\/wp-content\/uploads\/2024\/10\/Bisly-people-photos-with-bg-scaled.jpg","contentUrl":"https:\/\/www.bisly.com\/wp-content\/uploads\/2024\/10\/Bisly-people-photos-with-bg-scaled.jpg","width":2560,"height":1707,"caption":"Eric Haitjema from Schneider Electric"},{"@type":"BreadcrumbList","@id":"https:\/\/www.bisly.com\/et\/blog\/inspireerituna-innovatsioonist-bisly-tervitab-uut-arijuhti#breadcrumb","itemListElement":[{"@type":"ListItem","position":1,"name":"Home","item":"https:\/\/www.bisly.com\/et"},{"@type":"ListItem","position":2,"name":"Inspireerituna innovatsioonist: Bisly tervitab uut \u00e4rijuhti\u00a0"}]},{"@type":"WebSite","@id":"https:\/\/www.bisly.com\/et#website","url":"https:\/\/www.bisly.com\/et","name":"Bisly","description":"","publisher":{"@id":"https:\/\/www.bisly.com\/et#organization"},"potentialAction":[{"@type":"SearchAction","target":{"@type":"EntryPoint","urlTemplate":"https:\/\/www.bisly.com\/et?s={search_term_string}"},"query-input":{"@type":"PropertyValueSpecification","valueRequired":true,"valueName":"search_term_string"}}],"inLanguage":"et"},{"@type":"Organization","@id":"https:\/\/www.bisly.com\/et#organization","name":"Bisly","url":"https:\/\/www.bisly.com\/et","logo":{"@type":"ImageObject","inLanguage":"et","@id":"https:\/\/www.bisly.com\/et#\/schema\/logo\/image\/","url":"https:\/\/www.bisly.com\/wp-content\/uploads\/2024\/09\/bisly-logo.svg","contentUrl":"https:\/\/www.bisly.com\/wp-content\/uploads\/2024\/09\/bisly-logo.svg","width":120,"height":41,"caption":"Bisly"},"image":{"@id":"https:\/\/www.bisly.com\/et#\/schema\/logo\/image\/"},"sameAs":["https:\/\/www.facebook.com\/bisly.tech\/","https:\/\/ee.linkedin.com\/company\/bislytech"]},{"@type":"Person","@id":"https:\/\/www.bisly.com\/et#\/schema\/person\/1042d3440d161f43da004c5e84b531c0","name":"Merilin","image":{"@type":"ImageObject","inLanguage":"et","@id":"https:\/\/secure.gravatar.com\/avatar\/4d2befb103a9bb45630016e5387f84e97603a7eb8219694befcf90719be74638?s=96&d=mm&r=g","url":"https:\/\/secure.gravatar.com\/avatar\/4d2befb103a9bb45630016e5387f84e97603a7eb8219694befcf90719be74638?s=96&d=mm&r=g","contentUrl":"https:\/\/secure.gravatar.com\/avatar\/4d2befb103a9bb45630016e5387f84e97603a7eb8219694befcf90719be74638?s=96&d=mm&r=g","caption":"Merilin"}}]}},"_links":{"self":[{"href":"https:\/\/www.bisly.com\/et\/wp-json\/wp\/v2\/posts\/7050","targetHints":{"allow":["GET"]}}],"collection":[{"href":"https:\/\/www.bisly.com\/et\/wp-json\/wp\/v2\/posts"}],"about":[{"href":"https:\/\/www.bisly.com\/et\/wp-json\/wp\/v2\/types\/post"}],"author":[{"embeddable":true,"href":"https:\/\/www.bisly.com\/et\/wp-json\/wp\/v2\/users\/13"}],"replies":[{"embeddable":true,"href":"https:\/\/www.bisly.com\/et\/wp-json\/wp\/v2\/comments?post=7050"}],"version-history":[{"count":9,"href":"https:\/\/www.bisly.com\/et\/wp-json\/wp\/v2\/posts\/7050\/revisions"}],"predecessor-version":[{"id":8017,"href":"https:\/\/www.bisly.com\/et\/wp-json\/wp\/v2\/posts\/7050\/revisions\/8017"}],"wp:featuredmedia":[{"embeddable":true,"href":"https:\/\/www.bisly.com\/et\/wp-json\/wp\/v2\/media\/7777"}],"wp:attachment":[{"href":"https:\/\/www.bisly.com\/et\/wp-json\/wp\/v2\/media?parent=7050"}],"wp:term":[{"taxonomy":"category","embeddable":true,"href":"https:\/\/www.bisly.com\/et\/wp-json\/wp\/v2\/categories?post=7050"},{"taxonomy":"post_tag","embeddable":true,"href":"https:\/\/www.bisly.com\/et\/wp-json\/wp\/v2\/tags?post=7050"}],"curies":[{"name":"wp","href":"https:\/\/api.w.org\/{rel}","templated":true}]}}